{"id":7295,"date":"2026-04-29T13:47:43","date_gmt":"2026-04-29T19:47:43","guid":{"rendered":"https:\/\/revistaenfoquepolitico.com\/?p=7295"},"modified":"2026-04-29T13:47:43","modified_gmt":"2026-04-29T19:47:43","slug":"medellin-de-bravo-se-adelanta-a-las-lluvias-con-limpieza-de-canales-en-los-robles","status":"publish","type":"post","link":"https:\/\/revistaenfoquepolitico.com\/index.php\/2026\/04\/29\/medellin-de-bravo-se-adelanta-a-las-lluvias-con-limpieza-de-canales-en-los-robles\/","title":{"rendered":"MEDELL\u00cdN DE BRAVO SE ADELANTA A LAS LLUVIAS CON LIMPIEZA DE CANALES EN LOS ROBLES"},"content":{"rendered":"<div dir=\"auto\">Medell\u00edn de Bravo, Ver.<\/div>\n<div dir=\"auto\"><\/div>\n<div dir=\"auto\" style=\"text-align: justify;\">Con la mirada puesta en cuidar a las familias antes de que lleguen las lluvias, el Ayuntamiento de Medell\u00edn de Bravo, encabezado por el alcalde Samuel Acosta Mart\u00ednez, arranc\u00f3 los trabajos de limpieza de canales en la localidad de Los Robles.<\/div>\n<div dir=\"auto\" style=\"text-align: justify;\"><\/div>\n<div dir=\"auto\" style=\"text-align: justify;\">Desde temprana hora, personal operativo y maquinaria comenzaron las labores para retirar basura, maleza y todo aquello que impide el correcto paso del agua. Estas acciones no solo buscan mejorar la imagen de la zona, sino, sobre todo, prevenir inundaciones y encharcamientos que a\u00f1o con a\u00f1o afectan a las familias.<\/div>\n<div dir=\"auto\" style=\"text-align: justify;\"><\/div>\n<div dir=\"auto\" style=\"text-align: justify;\">Vecinos del lugar reconocieron la importancia de que estos trabajos se realicen con anticipaci\u00f3n, ya que representan tranquilidad y mayor seguridad para sus hogares durante la temporada de lluvias.<\/div>\n<div dir=\"auto\" style=\"text-align: justify;\"><\/div>\n<div dir=\"auto\" style=\"text-align: justify;\">El Gobierno Municipal ha reiterado que este tipo de acciones continuar\u00e1n en distintos puntos del municipio, priorizando las zonas m\u00e1s vulnerables, con el objetivo de proteger a la poblaci\u00f3n y evitar riesgos mayores.<\/div>\n<div dir=\"auto\" style=\"text-align: justify;\"><\/div>\n<div dir=\"auto\" style=\"text-align: justify;\">Porque cuando se trabaja a tiempo y cerca de la gente, se construye un Medell\u00edn m\u00e1s seguro y preparado.<\/div>\n<div dir=\"auto\" style=\"text-align: justify;\"><\/div>\n<div dir=\"auto\" style=\"text-align: justify;\">\u00a1Por la Grandeza de Medell\u00edn! \ud83e\udd0e<\/div>\n<div id=\"x_ms-outlook-mobile-body-separator-line\" dir=\"auto\" data-applydefaultfontstyles=\"true\">\n<div dir=\"auto\" style=\"text-align: justify;\">\n<div style=\"width: 800px;\" class=\"wp-video\"><video class=\"wp-video-shortcode\" id=\"video-7295-1\" width=\"800\" height=\"446\" preload=\"metadata\" controls=\"controls\"><source type=\"video\/mp4\" src=\"https:\/\/revistaenfoquepolitico.com\/wp-content\/uploads\/2026\/04\/VID-20260429-WA0154-1.mp4?_=1\" \/><a href=\"https:\/\/revistaenfoquepolitico.com\/wp-content\/uploads\/2026\/04\/VID-20260429-WA0154-1.mp4\">https:\/\/revistaenfoquepolitico.com\/wp-content\/uploads\/2026\/04\/VID-20260429-WA0154-1.mp4<\/a><\/video><\/div>\n<\/div>\n<\/div>\n","protected":false},"excerpt":{"rendered":"<p>Medell\u00edn de Bravo, Ver. Con la mirada puesta en cuidar a las familias antes de que lleguen las lluvias, el Ayuntamiento de Medell\u00edn de Bravo, encabezado por el alcalde Samuel Acosta Mart\u00ednez, arranc\u00f3 los trabajos de limpieza de canales en la localidad de Los Robles. Desde temprana hora, personal operativo y maquinaria comenzaron las labores [&hellip;]<\/p>\n","protected":false},"author":1,"featured_media":7298,"comment_status":"closed","ping_status":"closed","sticky":false,"template":"","format":"standard","meta":{"_jetpack_memberships_contains_paid_content":false,"footnotes":"","jetpack_publicize_message":"","jetpack_publicize_feature_enabled":true,"jetpack_social_post_already_shared":true,"jetpack_social_options":{"image_generator_settings":{"template":"highway","default_image_id":0,"font":"","enabled":false},"version":2}},"categories":[4],"tags":[73],"class_list":["post-7295","post","type-post","status-publish","format-standard","has-post-thumbnail","hentry","category-noticia-politica","tag-samuel-acosta-alcalde-de-medellin"],"jetpack_publicize_connections":[],"jetpack_featured_media_url":"https:\/\/revistaenfoquepolitico.com\/wp-content\/uploads\/2026\/04\/facebook_1777491930304_7455341513244590490.jpg","jetpack_sharing_enabled":true,"_links":{"self":[{"href":"https:\/\/revistaenfoquepolitico.com\/index.php\/wp-json\/wp\/v2\/posts\/7295","targetHints":{"allow":["GET"]}}],"collection":[{"href":"https:\/\/revistaenfoquepolitico.com\/index.php\/wp-json\/wp\/v2\/posts"}],"about":[{"href":"https:\/\/revistaenfoquepolitico.com\/index.php\/wp-json\/wp\/v2\/types\/post"}],"author":[{"embeddable":true,"href":"https:\/\/revistaenfoquepolitico.com\/index.php\/wp-json\/wp\/v2\/users\/1"}],"replies":[{"embeddable":true,"href":"https:\/\/revistaenfoquepolitico.com\/index.php\/wp-json\/wp\/v2\/comments?post=7295"}],"version-history":[{"count":1,"href":"https:\/\/revistaenfoquepolitico.com\/index.php\/wp-json\/wp\/v2\/posts\/7295\/revisions"}],"predecessor-version":[{"id":7299,"href":"https:\/\/revistaenfoquepolitico.com\/index.php\/wp-json\/wp\/v2\/posts\/7295\/revisions\/7299"}],"wp:featuredmedia":[{"embeddable":true,"href":"https:\/\/revistaenfoquepolitico.com\/index.php\/wp-json\/wp\/v2\/media\/7298"}],"wp:attachment":[{"href":"https:\/\/revistaenfoquepolitico.com\/index.php\/wp-json\/wp\/v2\/media?parent=7295"}],"wp:term":[{"taxonomy":"category","embeddable":true,"href":"https:\/\/revistaenfoquepolitico.com\/index.php\/wp-json\/wp\/v2\/categories?post=7295"},{"taxonomy":"post_tag","embeddable":true,"href":"https:\/\/revistaenfoquepolitico.com\/index.php\/wp-json\/wp\/v2\/tags?post=7295"}],"curies":[{"name":"wp","href":"https:\/\/api.w.org\/{rel}","templated":true}]}}