{"id":7300,"date":"2026-04-29T15:01:32","date_gmt":"2026-04-29T21:01:32","guid":{"rendered":"https:\/\/revistaenfoquepolitico.com\/?p=7300"},"modified":"2026-04-29T15:01:32","modified_gmt":"2026-04-29T21:01:32","slug":"encabeza-alcaldesa-de-veracruz-limpieza-de-departamentos-afectados-por-incendio","status":"publish","type":"post","link":"https:\/\/revistaenfoquepolitico.com\/index.php\/2026\/04\/29\/encabeza-alcaldesa-de-veracruz-limpieza-de-departamentos-afectados-por-incendio\/","title":{"rendered":"ENCABEZA ALCALDESA DE VERACRUZ LIMPIEZA DE DEPARTAMENTOS AFECTADOS POR INCENDIO"},"content":{"rendered":"<div dir=\"auto\" data-olk-copy-source=\"MessageBody\">29 de abril de 2026<\/div>\n<div dir=\"auto\">Bolet\u00edn Informativo<\/div>\n<div dir=\"auto\"><\/div>\n<div dir=\"auto\"><\/div>\n<div dir=\"auto\"><strong>**El gobierno municipal brinda acompa\u00f1amiento integral a familias damnificadas por incendio**<\/strong><\/div>\n<div dir=\"auto\"><\/div>\n<div dir=\"auto\" style=\"text-align: justify;\"><img loading=\"lazy\" decoding=\"async\" class=\"alignleft size-medium wp-image-7301\" src=\"https:\/\/revistaenfoquepolitico.com\/wp-content\/uploads\/2026\/04\/IMG-20260429-WA0177-300x200.jpg\" alt=\"\" width=\"300\" height=\"200\" srcset=\"https:\/\/revistaenfoquepolitico.com\/wp-content\/uploads\/2026\/04\/IMG-20260429-WA0177-300x200.jpg 300w, https:\/\/revistaenfoquepolitico.com\/wp-content\/uploads\/2026\/04\/IMG-20260429-WA0177-1024x682.jpg 1024w, https:\/\/revistaenfoquepolitico.com\/wp-content\/uploads\/2026\/04\/IMG-20260429-WA0177-768x512.jpg 768w, https:\/\/revistaenfoquepolitico.com\/wp-content\/uploads\/2026\/04\/IMG-20260429-WA0177-1536x1023.jpg 1536w, https:\/\/revistaenfoquepolitico.com\/wp-content\/uploads\/2026\/04\/IMG-20260429-WA0177.jpg 1600w\" sizes=\"auto, (max-width: 300px) 100vw, 300px\" \/>La presidenta municipal de Veracruz, Rosa Mar\u00eda Hern\u00e1ndez Espejo, encabez\u00f3 una jornada de limpieza en el fraccionamiento Rinc\u00f3n de Palma Real, en apoyo a las personas cuyas viviendas resultaron afectadas por un incendio ocurrido hace tres semanas.<\/div>\n<div dir=\"auto\" style=\"text-align: justify;\"><\/div>\n<div dir=\"auto\" style=\"text-align: justify;\">Cabe destacar que, desde el momento del siniestro, la alcaldesa instruy\u00f3 el despliegue de un operativo de atenci\u00f3n integral para brindar acompa\u00f1amiento a las personas afectadas, con la intervenci\u00f3n de diversas \u00e1reas municipales.<\/div>\n<div dir=\"auto\" style=\"text-align: justify;\"><\/div>\n<div dir=\"auto\" style=\"text-align: justify;\"><img loading=\"lazy\" decoding=\"async\" class=\"alignright size-medium wp-image-7302\" src=\"https:\/\/revistaenfoquepolitico.com\/wp-content\/uploads\/2026\/04\/IMG-20260429-WA0185-300x200.jpg\" alt=\"\" width=\"300\" height=\"200\" srcset=\"https:\/\/revistaenfoquepolitico.com\/wp-content\/uploads\/2026\/04\/IMG-20260429-WA0185-300x200.jpg 300w, https:\/\/revistaenfoquepolitico.com\/wp-content\/uploads\/2026\/04\/IMG-20260429-WA0185-1024x683.jpg 1024w, https:\/\/revistaenfoquepolitico.com\/wp-content\/uploads\/2026\/04\/IMG-20260429-WA0185-768x512.jpg 768w, https:\/\/revistaenfoquepolitico.com\/wp-content\/uploads\/2026\/04\/IMG-20260429-WA0185-1536x1024.jpg 1536w, https:\/\/revistaenfoquepolitico.com\/wp-content\/uploads\/2026\/04\/IMG-20260429-WA0185-2048x1366.jpg 2048w\" sizes=\"auto, (max-width: 300px) 100vw, 300px\" \/>Durante la jornada de este d\u00eda, se realizaron trabajos de limpieza en los departamentos afectados, retiro de escombros y mantenimiento en \u00e1reas comunes, con la colaboraci\u00f3n coordinada de las direcciones de Limpia P\u00fablica, Protecci\u00f3n Civil, Espacios P\u00fablicos, Gobernaci\u00f3n, Atenci\u00f3n y Participaci\u00f3n Ciudadana, y Bienestar.<\/div>\n<div dir=\"auto\" style=\"text-align: justify;\"><\/div>\n<div dir=\"auto\" style=\"text-align: justify;\">El gobierno municipal refrenda su compromiso de mantenerse cercano a la ciudadan\u00eda, brindando atenci\u00f3n directa y oportuna, y dando seguimiento a las acciones para que las familias afectadas puedan volver a la normalidad.<\/div>\n<div id=\"x_ms-outlook-mobile-body-separator-line\" dir=\"auto\" data-applydefaultfontstyles=\"true\">\n<div dir=\"auto\" style=\"text-align: justify;\"><img loading=\"lazy\" decoding=\"async\" class=\"aligncenter size-medium wp-image-7303\" src=\"https:\/\/revistaenfoquepolitico.com\/wp-content\/uploads\/2026\/04\/IMG-20260429-WA0187-300x200.jpg\" alt=\"\" width=\"300\" height=\"200\" srcset=\"https:\/\/revistaenfoquepolitico.com\/wp-content\/uploads\/2026\/04\/IMG-20260429-WA0187-300x200.jpg 300w, https:\/\/revistaenfoquepolitico.com\/wp-content\/uploads\/2026\/04\/IMG-20260429-WA0187-1024x683.jpg 1024w, https:\/\/revistaenfoquepolitico.com\/wp-content\/uploads\/2026\/04\/IMG-20260429-WA0187-768x512.jpg 768w, https:\/\/revistaenfoquepolitico.com\/wp-content\/uploads\/2026\/04\/IMG-20260429-WA0187-1536x1024.jpg 1536w, https:\/\/revistaenfoquepolitico.com\/wp-content\/uploads\/2026\/04\/IMG-20260429-WA0187-2048x1366.jpg 2048w\" sizes=\"auto, (max-width: 300px) 100vw, 300px\" \/><\/div>\n<\/div>\n<div dir=\"auto\"><\/div>\n<div dir=\"auto\"><img loading=\"lazy\" decoding=\"async\" class=\"aligncenter size-medium wp-image-7304\" src=\"https:\/\/revistaenfoquepolitico.com\/wp-content\/uploads\/2026\/04\/IMG-20260429-WA0189-300x200.jpg\" alt=\"\" width=\"300\" height=\"200\" srcset=\"https:\/\/revistaenfoquepolitico.com\/wp-content\/uploads\/2026\/04\/IMG-20260429-WA0189-300x200.jpg 300w, https:\/\/revistaenfoquepolitico.com\/wp-content\/uploads\/2026\/04\/IMG-20260429-WA0189-1024x683.jpg 1024w, https:\/\/revistaenfoquepolitico.com\/wp-content\/uploads\/2026\/04\/IMG-20260429-WA0189-768x512.jpg 768w, https:\/\/revistaenfoquepolitico.com\/wp-content\/uploads\/2026\/04\/IMG-20260429-WA0189-1536x1024.jpg 1536w, https:\/\/revistaenfoquepolitico.com\/wp-content\/uploads\/2026\/04\/IMG-20260429-WA0189-2048x1366.jpg 2048w\" sizes=\"auto, (max-width: 300px) 100vw, 300px\" \/><\/div>\n<div dir=\"auto\"><\/div>\n<div dir=\"auto\"><img loading=\"lazy\" decoding=\"async\" class=\"aligncenter size-medium wp-image-7306\" src=\"https:\/\/revistaenfoquepolitico.com\/wp-content\/uploads\/2026\/04\/IMG-20260429-WA0193-300x200.jpg\" alt=\"\" width=\"300\" height=\"200\" srcset=\"https:\/\/revistaenfoquepolitico.com\/wp-content\/uploads\/2026\/04\/IMG-20260429-WA0193-300x200.jpg 300w, https:\/\/revistaenfoquepolitico.com\/wp-content\/uploads\/2026\/04\/IMG-20260429-WA0193-1024x683.jpg 1024w, https:\/\/revistaenfoquepolitico.com\/wp-content\/uploads\/2026\/04\/IMG-20260429-WA0193-768x512.jpg 768w, https:\/\/revistaenfoquepolitico.com\/wp-content\/uploads\/2026\/04\/IMG-20260429-WA0193-1536x1024.jpg 1536w, https:\/\/revistaenfoquepolitico.com\/wp-content\/uploads\/2026\/04\/IMG-20260429-WA0193-2048x1366.jpg 2048w\" sizes=\"auto, (max-width: 300px) 100vw, 300px\" \/><\/div>\n<div dir=\"auto\"><\/div>\n<div dir=\"auto\"><img loading=\"lazy\" decoding=\"async\" class=\"aligncenter size-medium wp-image-7307\" src=\"https:\/\/revistaenfoquepolitico.com\/wp-content\/uploads\/2026\/04\/IMG-20260429-WA0195-300x200.jpg\" alt=\"\" width=\"300\" height=\"200\" srcset=\"https:\/\/revistaenfoquepolitico.com\/wp-content\/uploads\/2026\/04\/IMG-20260429-WA0195-300x200.jpg 300w, https:\/\/revistaenfoquepolitico.com\/wp-content\/uploads\/2026\/04\/IMG-20260429-WA0195-1024x683.jpg 1024w, https:\/\/revistaenfoquepolitico.com\/wp-content\/uploads\/2026\/04\/IMG-20260429-WA0195-768x512.jpg 768w, https:\/\/revistaenfoquepolitico.com\/wp-content\/uploads\/2026\/04\/IMG-20260429-WA0195-1536x1024.jpg 1536w, https:\/\/revistaenfoquepolitico.com\/wp-content\/uploads\/2026\/04\/IMG-20260429-WA0195-2048x1366.jpg 2048w\" sizes=\"auto, (max-width: 300px) 100vw, 300px\" \/><\/div>\n","protected":false},"excerpt":{"rendered":"<p>29 de abril de 2026 Bolet\u00edn Informativo **El gobierno municipal brinda acompa\u00f1amiento integral a familias damnificadas por incendio** La presidenta municipal de Veracruz, Rosa Mar\u00eda Hern\u00e1ndez Espejo, encabez\u00f3 una jornada de limpieza en el fraccionamiento Rinc\u00f3n de Palma Real, en apoyo a las personas cuyas viviendas resultaron afectadas por un incendio ocurrido hace tres semanas. [&hellip;]<\/p>\n","protected":false},"author":1,"featured_media":7305,"comment_status":"closed","ping_status":"closed","sticky":false,"template":"","format":"standard","meta":{"_jetpack_memberships_contains_paid_content":false,"footnotes":"","jetpack_publicize_message":"","jetpack_publicize_feature_enabled":true,"jetpack_social_post_already_shared":true,"jetpack_social_options":{"image_generator_settings":{"template":"highway","default_image_id":0,"font":"","enabled":false},"version":2}},"categories":[4],"tags":[72],"class_list":["post-7300","post","type-post","status-publish","format-standard","has-post-thumbnail","hentry","category-noticia-politica","tag-rosa-maria-presidenta-de-veracruz"],"jetpack_publicize_connections":[],"jetpack_featured_media_url":"https:\/\/revistaenfoquepolitico.com\/wp-content\/uploads\/2026\/04\/IMG-20260429-WA0191-scaled.jpg","jetpack_sharing_enabled":true,"_links":{"self":[{"href":"https:\/\/revistaenfoquepolitico.com\/index.php\/wp-json\/wp\/v2\/posts\/7300","targetHints":{"allow":["GET"]}}],"collection":[{"href":"https:\/\/revistaenfoquepolitico.com\/index.php\/wp-json\/wp\/v2\/posts"}],"about":[{"href":"https:\/\/revistaenfoquepolitico.com\/index.php\/wp-json\/wp\/v2\/types\/post"}],"author":[{"embeddable":true,"href":"https:\/\/revistaenfoquepolitico.com\/index.php\/wp-json\/wp\/v2\/users\/1"}],"replies":[{"embeddable":true,"href":"https:\/\/revistaenfoquepolitico.com\/index.php\/wp-json\/wp\/v2\/comments?post=7300"}],"version-history":[{"count":1,"href":"https:\/\/revistaenfoquepolitico.com\/index.php\/wp-json\/wp\/v2\/posts\/7300\/revisions"}],"predecessor-version":[{"id":7308,"href":"https:\/\/revistaenfoquepolitico.com\/index.php\/wp-json\/wp\/v2\/posts\/7300\/revisions\/7308"}],"wp:featuredmedia":[{"embeddable":true,"href":"https:\/\/revistaenfoquepolitico.com\/index.php\/wp-json\/wp\/v2\/media\/7305"}],"wp:attachment":[{"href":"https:\/\/revistaenfoquepolitico.com\/index.php\/wp-json\/wp\/v2\/media?parent=7300"}],"wp:term":[{"taxonomy":"category","embeddable":true,"href":"https:\/\/revistaenfoquepolitico.com\/index.php\/wp-json\/wp\/v2\/categories?post=7300"},{"taxonomy":"post_tag","embeddable":true,"href":"https:\/\/revistaenfoquepolitico.com\/index.php\/wp-json\/wp\/v2\/tags?post=7300"}],"curies":[{"name":"wp","href":"https:\/\/api.w.org\/{rel}","templated":true}]}}