{"id":921,"date":"2024-05-03T05:27:15","date_gmt":"2024-05-03T05:27:15","guid":{"rendered":"https:\/\/revistaenfoquepolitico.com\/?p=921"},"modified":"2024-05-03T05:27:15","modified_gmt":"2024-05-03T05:27:15","slug":"asumen-ocho-personas-el-cargo-de-diputada-o-diputada-a-la-lxvi-legislatura","status":"publish","type":"post","link":"https:\/\/revistaenfoquepolitico.com\/index.php\/2024\/05\/03\/asumen-ocho-personas-el-cargo-de-diputada-o-diputada-a-la-lxvi-legislatura\/","title":{"rendered":"ASUMEN OCHO PERSONAS EL CARGO DE DIPUTADA O DIPUTADA A LA LXVI LEGISLATURA"},"content":{"rendered":"<p align=\"center\">\n<p align=\"center\">\n<p align=\"center\">\n<p class=\"x_MsoNormal\" align=\"center\"><b>TRAS LAS SOLICITUDES DE LICENCIA DE IGUAL N\u00daMERO DE DIPUTADOS PROPIETARIOS, EL PLENO DETERMINA LLAMAR A LAS Y LOS SUPLENTES<\/b><\/p>\n<ul type=\"disc\">\n<li class=\"x_MsoNormal\"><\/li>\n<\/ul>\n<p class=\"x_BodyA\">Xalapa, Ver., 02 de mayo de 2024<\/p>\n<p class=\"x_BodyA\">\n<p class=\"x_MsoNormal\" style=\"text-align: justify;\">Como resultado de las solicitudes de licencias presentadas anteriormente por parte de las diputadas y diputados propietarios, la Mesa Directiva de la LXVI Legislatura tom\u00f3 la protesta de ley a ocho personas que asumen el cargo de la representaci\u00f3n popular.<\/p>\n<p class=\"x_MsoNormal\" style=\"text-align: justify;\">\n<p class=\"x_MsoNormal\" style=\"text-align: justify;\"><img loading=\"lazy\" decoding=\"async\" class=\"alignleft size-medium wp-image-923\" src=\"https:\/\/revistaenfoquepolitico.com\/wp-content\/uploads\/2024\/05\/PROTESTAN-NUEVOA-DIPUTADOS-300x200.jpg\" alt=\"\" width=\"300\" height=\"200\" \/>En la primera sesi\u00f3n, correspondiente al Segundo Periodo Ordinario del Tercer A\u00f1o de Ejercicio Constitucional, la presidenta de la Mesa Directiva, diputada Adriana Esther Mart\u00ednez S\u00e1nchez, encabez\u00f3 el protocolo correspondiente para la protesta de ley de las y los ciudadanos, quienes ocupar\u00e1n el cargo durante el periodo que marque la licencia del propietario.<\/p>\n<p class=\"x_MsoNormal\" style=\"text-align: justify;\">\n<p class=\"x_MsoNormal\" style=\"text-align: justify;\">De esta manera, Iris Orqu\u00eddea Ortiz Carlos suple a la representante del Distrito XXIII de Cosamaloapan, Margarita Corro Mendoza, del 1 de marzo al 3 de junio. Elizabeth Mart\u00ednez Marie, a la legisladora del Distrito XI, Xalapa II, Ana Miriam Ferr\u00e1ez Centeno, del 1 de marzo al 4 de junio.<\/p>\n<p class=\"x_MsoNormal\" style=\"text-align: justify;\">\n<p class=\"x_MsoNormal\" style=\"text-align: justify;\">Elisa Mohedano Orell\u00e1n, a la diputada del Distrito V, de \u00c1lamo Temapache, Elizabeth Cervantes de la Cruz, del 1 de marzo al 3 de junio. Elvia Merl\u00edn Castro, a la legisladora del Distrito XXVI, Cosoleacaque, Magaly Armenta Oliveros, del 1 de marzo al 3 de junio.<\/p>\n<p class=\"x_MsoNormal\" style=\"text-align: justify;\">\n<p class=\"x_MsoNormal\" style=\"text-align: justify;\">Juan Morales Almora suple al legislador de representaci\u00f3n proporcional Ram\u00f3n D\u00edaz \u00c1vila por un periodo de 60 d\u00edas contados a partir del 29 de abril. Yanet Gonz\u00e1lez de la Cruz, en lugar del diputado del Distrito II, de Tantoyuca, Roberto Francisco San Rom\u00e1n Solana, del 29 de abril al 3 de junio.<\/p>\n<p class=\"x_MsoNormal\" style=\"text-align: justify;\">\n<p class=\"x_MsoNormal\" style=\"text-align: justify;\">Por \u00faltimo, Baruch Garc\u00eda Bocarando suple al legislador del Distrito IX, de Perote, Paul Mart\u00ednez Marie, del 29 de abril al 3 de junio, y Diana Karen Antemate Mixtega, suplente del diputado del Distrito XXV, de San Andr\u00e9s Tuxtla, Rafael Gustavo Fararoni Maga\u00f1a, del 29 de abril al 3 de junio, en todos los casos, del a\u00f1o en curso.<\/p>\n<p class=\"x_MsoNormal\" style=\"text-align: justify;\">\n<p class=\"x_MsoNormal\" style=\"text-align: justify;\">De esta manera y tras rendir la protesta de ley, las nuevas diputadas y diputados se suman a los trabajos de la LXVI Legislatura del estado de Veracruz.<\/p>\n<p class=\"x_MsoNormal\" style=\"text-align: justify;\">\n<p class=\"x_MsoNormal\" style=\"text-align: justify;\">Por otra parte, el Pleno se dio por enterado del oficio enviado por la diputada del Distrito XXIV, Santiago Tuxtla, Janix Liliana Castro Mu\u00f1oz, que pidi\u00f3 dejar sin efectos su solicitud de licencia temporal sin goce de sueldo para separarse del cargo, por el periodo comprendido del 29 de abril al 3 de junio de la presente anualidad.<\/p>\n","protected":false},"excerpt":{"rendered":"<p>TRAS LAS SOLICITUDES DE LICENCIA DE IGUAL N\u00daMERO DE DIPUTADOS PROPIETARIOS, EL PLENO DETERMINA LLAMAR A LAS Y LOS SUPLENTES Xalapa, Ver., 02 de mayo de 2024 Como resultado de las solicitudes de licencias presentadas anteriormente por parte de las diputadas y diputados propietarios, la Mesa Directiva de la LXVI Legislatura tom\u00f3 la protesta de [&hellip;]<\/p>\n","protected":false},"author":1,"featured_media":0,"comment_status":"closed","ping_status":"closed","sticky":false,"template":"","format":"standard","meta":{"_jetpack_memberships_contains_paid_content":false,"footnotes":"","jetpack_publicize_message":"","jetpack_publicize_feature_enabled":true,"jetpack_social_post_already_shared":false,"jetpack_social_options":{"image_generator_settings":{"template":"highway","default_image_id":0,"font":"","enabled":false},"version":2}},"categories":[4],"tags":[29],"class_list":["post-921","post","type-post","status-publish","format-standard","hentry","category-noticia-politica","tag-congreso-de-veracruz"],"jetpack_publicize_connections":[],"jetpack_featured_media_url":"","jetpack_sharing_enabled":true,"_links":{"self":[{"href":"https:\/\/revistaenfoquepolitico.com\/index.php\/wp-json\/wp\/v2\/posts\/921","targetHints":{"allow":["GET"]}}],"collection":[{"href":"https:\/\/revistaenfoquepolitico.com\/index.php\/wp-json\/wp\/v2\/posts"}],"about":[{"href":"https:\/\/revistaenfoquepolitico.com\/index.php\/wp-json\/wp\/v2\/types\/post"}],"author":[{"embeddable":true,"href":"https:\/\/revistaenfoquepolitico.com\/index.php\/wp-json\/wp\/v2\/users\/1"}],"replies":[{"embeddable":true,"href":"https:\/\/revistaenfoquepolitico.com\/index.php\/wp-json\/wp\/v2\/comments?post=921"}],"version-history":[{"count":1,"href":"https:\/\/revistaenfoquepolitico.com\/index.php\/wp-json\/wp\/v2\/posts\/921\/revisions"}],"predecessor-version":[{"id":924,"href":"https:\/\/revistaenfoquepolitico.com\/index.php\/wp-json\/wp\/v2\/posts\/921\/revisions\/924"}],"wp:attachment":[{"href":"https:\/\/revistaenfoquepolitico.com\/index.php\/wp-json\/wp\/v2\/media?parent=921"}],"wp:term":[{"taxonomy":"category","embeddable":true,"href":"https:\/\/revistaenfoquepolitico.com\/index.php\/wp-json\/wp\/v2\/categories?post=921"},{"taxonomy":"post_tag","embeddable":true,"href":"https:\/\/revistaenfoquepolitico.com\/index.php\/wp-json\/wp\/v2\/tags?post=921"}],"curies":[{"name":"wp","href":"https:\/\/api.w.org\/{rel}","templated":true}]}}