{"id":9245,"date":"2026-08-30T18:38:39","date_gmt":"2026-08-31T00:38:39","guid":{"rendered":"https:\/\/revistaenfoquepolitico.com\/?p=9245"},"modified":"2026-08-30T18:38:39","modified_gmt":"2026-08-31T00:38:39","slug":"obtiene-fgr-sentencia-condenatoria-contra-pedro-n","status":"publish","type":"post","link":"https:\/\/revistaenfoquepolitico.com\/index.php\/2026\/08\/30\/obtiene-fgr-sentencia-condenatoria-contra-pedro-n\/","title":{"rendered":"OBTIENE FGR SENTENCIA CONDENATORIA CONTRA PEDRO \u00abN\u00bb"},"content":{"rendered":"<div dir=\"auto\" data-olk-copy-source=\"MessageBody\">Comunicado FGR DPE\/3799\/2026<\/div>\n<div dir=\"auto\">H. Veracruz, Veracruz, 29 de agosto de 2026<\/div>\n<div dir=\"auto\"><\/div>\n<div dir=\"auto\" style=\"text-align: justify;\">OBTIENE FGR SENTENCIA CONDENATORIA CONTRA UNA PERSONA POR PORTACI\u00d3N DE ARMA DE USO EXCLUSIVO DE LAS FUERZAS ARMADAS<\/div>\n<div dir=\"auto\" style=\"text-align: justify;\">&#8212;&#8212;&#8212;&#8212;&#8212;&#8212;&#8212;&#8212;&#8212;&#8212;&#8212;&#8212;&#8212;&#8212;&#8212;&#8212;-<\/div>\n<div dir=\"auto\" style=\"text-align: justify;\">Al acreditar su responsabilidad penal en el delito de portaci\u00f3n de arma de fuego de uso exclusivo de las Fuerzas Armadas Permanentes, la Fiscal\u00eda General de la Rep\u00fablica (FGR) en Veracruz obtuvo sentencia condenatoria contra Pedro \u201cN\u201d, quien fue detenido por elementos de la Polic\u00eda Estatal (PE), en el municipio de Papantla.<\/div>\n<div dir=\"auto\" style=\"text-align: justify;\">&#8212;&#8212;&#8212;&#8212;&#8212;&#8212;&#8212;&#8212;&#8212;&#8212;&#8212;&#8212;&#8212;&#8212;&#8212;&#8212;-<\/div>\n<div dir=\"auto\" style=\"text-align: justify;\">El agente del Ministerio P\u00fablico de la Federaci\u00f3n, adscrito a la Fiscal\u00eda Especializada de Control Regional (FECOR), aport\u00f3 los elementos de prueba suficientes contra Pedro \u201cN\u201d y el juez de Control dict\u00f3 sentencia de cuatro a\u00f1os de prisi\u00f3n, as\u00ed como el pago de una multa de 80 Unidades de Medida y Actualizaci\u00f3n (UMAS) equivalentes a nueve mil 384 pesos.<\/div>\n<div dir=\"auto\" style=\"text-align: justify;\"><\/div>\n<div dir=\"auto\" style=\"text-align: justify;\">Al momento de la detenci\u00f3n, Pedro \u201cN\u201d portaba, a la altura de la cintura, un arma de fuego tipo pistola, con su respectivo cargador, abastecido con 20 cartuchos \u00fatiles. Como no contaba con el permiso correspondiente para su portaci\u00f3n, fue puesto a disposici\u00f3n del agente del Ministerio P\u00fablico Federal.<\/div>\n<div dir=\"auto\" style=\"text-align: justify;\">&#8212;&#8212;&#8212;&#8212;&#8212;&#8212;&#8212;&#8212;&#8212;&#8212;&#8212;&#8212;&#8212;&#8212;&#8212;&#8212;-<\/div>\n<div dir=\"auto\" style=\"text-align: justify;\">Con estas acciones la FGR reafirma el compromiso con la sociedad para la investigaci\u00f3n y persecuci\u00f3n de los delitos en materia federal, \u00a0por lo que se invita a la ciudadan\u00eda, a que denuncie las 24 horas de los 365 d\u00edas del a\u00f1o, de forma presencial o an\u00f3nima, en las instalaciones de la Fiscal\u00eda General de la Rep\u00fablica en Veracruz, con domicilio en Av. J.B. Lobos n\u00famero 684, Colonia Reserva territorial \u201cEl Coyol\u201d, C.P. 91779, Veracruz, Ver, tel\u00e9fono 2299896334, correo electr\u00f3nico vua.veracruz@fgr.org.mx<\/div>\n<div id=\"x_ms-outlook-mobile-body-separator-line\" dir=\"auto\" data-applydefaultfontstyles=\"true\">\n<div dir=\"auto\" style=\"text-align: justify;\"><img loading=\"lazy\" decoding=\"async\" class=\"aligncenter size-medium wp-image-9246\" src=\"https:\/\/revistaenfoquepolitico.com\/wp-content\/uploads\/2026\/08\/IMG-20260829-WA0047-268x300.jpg\" alt=\"\" width=\"268\" height=\"300\" srcset=\"https:\/\/revistaenfoquepolitico.com\/wp-content\/uploads\/2026\/08\/IMG-20260829-WA0047-268x300.jpg 268w, https:\/\/revistaenfoquepolitico.com\/wp-content\/uploads\/2026\/08\/IMG-20260829-WA0047.jpg 432w\" sizes=\"auto, (max-width: 268px) 100vw, 268px\" \/><\/div>\n<\/div>\n","protected":false},"excerpt":{"rendered":"<p>Comunicado FGR DPE\/3799\/2026 H. Veracruz, Veracruz, 29 de agosto de 2026 OBTIENE FGR SENTENCIA CONDENATORIA CONTRA UNA PERSONA POR PORTACI\u00d3N DE ARMA DE USO EXCLUSIVO DE LAS FUERZAS ARMADAS &#8212;&#8212;&#8212;&#8212;&#8212;&#8212;&#8212;&#8212;&#8212;&#8212;&#8212;&#8212;&#8212;&#8212;&#8212;&#8212;- Al acreditar su responsabilidad penal en el delito de portaci\u00f3n de arma de fuego de uso exclusivo de las Fuerzas Armadas Permanentes, la Fiscal\u00eda General [&hellip;]<\/p>\n","protected":false},"author":1,"featured_media":9247,"comment_status":"closed","ping_status":"closed","sticky":false,"template":"","format":"standard","meta":{"_jetpack_memberships_contains_paid_content":false,"footnotes":"","jetpack_publicize_message":"","jetpack_publicize_feature_enabled":true,"jetpack_social_post_already_shared":true,"jetpack_social_options":{"image_generator_settings":{"template":"highway","default_image_id":0,"font":"","enabled":false},"version":2}},"categories":[6],"tags":[62],"class_list":["post-9245","post","type-post","status-publish","format-standard","has-post-thumbnail","hentry","category-noticia-policiaca","tag-fgr"],"jetpack_publicize_connections":[],"jetpack_featured_media_url":"https:\/\/revistaenfoquepolitico.com\/wp-content\/uploads\/2026\/08\/IMG-20260625-WA0189-6-1.jpg","jetpack_sharing_enabled":true,"_links":{"self":[{"href":"https:\/\/revistaenfoquepolitico.com\/index.php\/wp-json\/wp\/v2\/posts\/9245","targetHints":{"allow":["GET"]}}],"collection":[{"href":"https:\/\/revistaenfoquepolitico.com\/index.php\/wp-json\/wp\/v2\/posts"}],"about":[{"href":"https:\/\/revistaenfoquepolitico.com\/index.php\/wp-json\/wp\/v2\/types\/post"}],"author":[{"embeddable":true,"href":"https:\/\/revistaenfoquepolitico.com\/index.php\/wp-json\/wp\/v2\/users\/1"}],"replies":[{"embeddable":true,"href":"https:\/\/revistaenfoquepolitico.com\/index.php\/wp-json\/wp\/v2\/comments?post=9245"}],"version-history":[{"count":1,"href":"https:\/\/revistaenfoquepolitico.com\/index.php\/wp-json\/wp\/v2\/posts\/9245\/revisions"}],"predecessor-version":[{"id":9248,"href":"https:\/\/revistaenfoquepolitico.com\/index.php\/wp-json\/wp\/v2\/posts\/9245\/revisions\/9248"}],"wp:featuredmedia":[{"embeddable":true,"href":"https:\/\/revistaenfoquepolitico.com\/index.php\/wp-json\/wp\/v2\/media\/9247"}],"wp:attachment":[{"href":"https:\/\/revistaenfoquepolitico.com\/index.php\/wp-json\/wp\/v2\/media?parent=9245"}],"wp:term":[{"taxonomy":"category","embeddable":true,"href":"https:\/\/revistaenfoquepolitico.com\/index.php\/wp-json\/wp\/v2\/categories?post=9245"},{"taxonomy":"post_tag","embeddable":true,"href":"https:\/\/revistaenfoquepolitico.com\/index.php\/wp-json\/wp\/v2\/tags?post=9245"}],"curies":[{"name":"wp","href":"https:\/\/api.w.org\/{rel}","templated":true}]}}