{"id":9255,"date":"2026-08-30T18:51:35","date_gmt":"2026-08-31T00:51:35","guid":{"rendered":"https:\/\/revistaenfoquepolitico.com\/?p=9255"},"modified":"2026-08-30T18:51:35","modified_gmt":"2026-08-31T00:51:35","slug":"vive-jarocho-2026-exito-rotundo","status":"publish","type":"post","link":"https:\/\/revistaenfoquepolitico.com\/index.php\/2026\/08\/30\/vive-jarocho-2026-exito-rotundo\/","title":{"rendered":"\u00abVIVE JAROCHO 2026\u00bb \u00c9XITO ROTUNDO"},"content":{"rendered":"<div dir=\"auto\" data-olk-copy-source=\"MessageBody\">29 de agosto de 2026<\/div>\n<div dir=\"auto\">Bolet\u00edn Informativo<\/div>\n<div dir=\"auto\"><\/div>\n<div dir=\"auto\" style=\"text-align: justify;\">*\u201cVive Jarocho 2026\u201d: \u00c9xito rotundo con miles de asistentes que abarrotaron el Centro Hist\u00f3rico de Veracruz*<\/div>\n<div dir=\"auto\" style=\"text-align: justify;\">&#8212;&#8212;&#8212;&#8212;&#8212;&#8212;&#8212;&#8212;&#8212;&#8212;&#8212;&#8212;&#8212;&#8212;&#8212;&#8211;<\/div>\n<div dir=\"auto\" style=\"text-align: justify;\">***La primera edici\u00f3n del festival, impulsada por la alcaldesa de Veracruz, Rosa Mar\u00eda Hern\u00e1ndez Espejo, se consolid\u00f3 con una propuesta que reuni\u00f3 deporte, historia y m\u00fasica, fortaleciendo la oferta tur\u00edstica de la ciudad.<\/div>\n<div dir=\"auto\" style=\"text-align: justify;\">&#8212;&#8212;&#8212;&#8212;&#8212;&#8212;&#8212;&#8212;&#8212;&#8212;&#8212;&#8212;&#8212;&#8212;&#8212;&#8212;<\/div>\n<div dir=\"auto\" style=\"text-align: justify;\">***Tambi\u00e9n gener\u00f3 una importante derrama econ\u00f3mica para comercios, restaurantes y emprendedores locales.<\/div>\n<div dir=\"auto\" style=\"text-align: justify;\">&#8212;&#8212;&#8212;&#8212;&#8212;&#8212;&#8212;&#8212;&#8212;&#8212;&#8212;&#8212;&#8212;&#8212;&#8212;&#8211;<\/div>\n<div dir=\"auto\" style=\"text-align: justify;\"><img loading=\"lazy\" decoding=\"async\" class=\"alignleft size-medium wp-image-9258\" src=\"https:\/\/revistaenfoquepolitico.com\/wp-content\/uploads\/2026\/08\/IMG-20260829-WA0374-300x200.jpg\" alt=\"\" width=\"300\" height=\"200\" srcset=\"https:\/\/revistaenfoquepolitico.com\/wp-content\/uploads\/2026\/08\/IMG-20260829-WA0374-300x200.jpg 300w, https:\/\/revistaenfoquepolitico.com\/wp-content\/uploads\/2026\/08\/IMG-20260829-WA0374-1024x683.jpg 1024w, https:\/\/revistaenfoquepolitico.com\/wp-content\/uploads\/2026\/08\/IMG-20260829-WA0374-768x512.jpg 768w, https:\/\/revistaenfoquepolitico.com\/wp-content\/uploads\/2026\/08\/IMG-20260829-WA0374-1536x1024.jpg 1536w, https:\/\/revistaenfoquepolitico.com\/wp-content\/uploads\/2026\/08\/IMG-20260829-WA0374-2048x1365.jpg 2048w\" sizes=\"auto, (max-width: 300px) 100vw, 300px\" \/>Con la iniciativa de la alcaldesa de Veracruz, Rosa Mar\u00eda Hern\u00e1ndez Espejo, \u201cVive Jarocho 2026\u201d se consolid\u00f3 en su primera edici\u00f3n como un nuevo referente de encuentro para la ciudad, al reunir a miles de personas en una propuesta que combin\u00f3 deporte, historia y m\u00fasica, y fortaleci\u00f3 la oferta tur\u00edstica de Veracruz.<\/div>\n<div dir=\"auto\" style=\"text-align: justify;\">&#8212;&#8212;&#8212;&#8212;&#8212;&#8212;&#8212;&#8212;&#8212;&#8212;&#8212;&#8212;&#8212;&#8212;&#8212;-<\/div>\n<div dir=\"auto\" style=\"text-align: justify;\">Organizado por la direcci\u00f3n de Bienestar Municipal, en coordinaci\u00f3n con las direcciones de Juventud y Emprendimiento, Turismo y Carnaval, Cultura y Desarrollo Econ\u00f3mico y Portuario, el festival reuni\u00f3 distintas expresiones en una misma celebraci\u00f3n, con actividades que convocaron a j\u00f3venes, familias, universitarios y amantes de la m\u00fasica.<\/div>\n<div dir=\"auto\" style=\"text-align: justify;\">&#8212;&#8212;&#8212;&#8212;&#8212;&#8212;&#8212;&#8212;&#8212;&#8212;&#8212;&#8212;&#8212;&#8212;&#8212;&#8212;<\/div>\n<div dir=\"auto\" style=\"text-align: justify;\"><img loading=\"lazy\" decoding=\"async\" class=\"alignright size-medium wp-image-9259\" src=\"https:\/\/revistaenfoquepolitico.com\/wp-content\/uploads\/2026\/08\/IMG-20260829-WA0356-300x200.jpg\" alt=\"\" width=\"300\" height=\"200\" srcset=\"https:\/\/revistaenfoquepolitico.com\/wp-content\/uploads\/2026\/08\/IMG-20260829-WA0356-300x200.jpg 300w, https:\/\/revistaenfoquepolitico.com\/wp-content\/uploads\/2026\/08\/IMG-20260829-WA0356-1024x683.jpg 1024w, https:\/\/revistaenfoquepolitico.com\/wp-content\/uploads\/2026\/08\/IMG-20260829-WA0356-768x512.jpg 768w, https:\/\/revistaenfoquepolitico.com\/wp-content\/uploads\/2026\/08\/IMG-20260829-WA0356-1536x1024.jpg 1536w, https:\/\/revistaenfoquepolitico.com\/wp-content\/uploads\/2026\/08\/IMG-20260829-WA0356-2048x1365.jpg 2048w\" sizes=\"auto, (max-width: 300px) 100vw, 300px\" \/>Entre las actividades destac\u00f3 la Primera Carrera DJ Run Veracruz 5K, que reuni\u00f3 a m\u00e1s de dos mil participantes en un recorrido gratuito de cinco kil\u00f3metros sobre el bulevar Manuel \u00c1vila Camacho, combinando actividad f\u00edsica, m\u00fasica y convivencia.<\/div>\n<div dir=\"auto\" style=\"text-align: justify;\">&#8212;&#8212;&#8212;&#8212;&#8212;&#8212;&#8212;&#8212;&#8212;&#8212;&#8212;&#8212;&#8212;&#8212;&#8212;&#8212;<\/div>\n<div dir=\"auto\" style=\"text-align: justify;\">El Centro Hist\u00f3rico fue escenario del Rally Universitario Veracruz \u201cLa historia est\u00e1 en tus pasos\u201d, con la participaci\u00f3n de cinco universidades de la regi\u00f3n. Los equipos recorrieron diez estaciones ubicadas en sitios hist\u00f3ricos y monumentos del primer cuadro, poniendo a prueba sus conocimientos y habilidades sobre la historia de Veracruz.<\/div>\n<div dir=\"auto\" style=\"text-align: justify;\">&#8212;&#8212;&#8212;&#8212;&#8212;&#8212;&#8212;&#8212;&#8212;&#8212;&#8212;&#8212;&#8212;&#8212;&#8212;&#8212;<\/div>\n<div dir=\"auto\" style=\"text-align: justify;\">La m\u00fasica tuvo como escenario la avenida Independencia, donde miles de aficionados al rock disfrutaron las presentaciones de Alice, Amnistia, Dynamo e Iv\u00e1n Ri\u00f3s, con tributos a artistas y agrupaciones como Jos\u00e9 Madero, PXNDX, Caifanes, Zo\u00e9, Moderatto, Motel y Man\u00e1.<\/div>\n<div dir=\"auto\" style=\"text-align: justify;\">&#8212;&#8212;&#8212;&#8212;&#8212;&#8212;&#8212;&#8212;&#8212;&#8212;&#8212;&#8212;&#8212;&#8212;&#8212;&#8212;<\/div>\n<div dir=\"auto\" style=\"text-align: justify;\"><img loading=\"lazy\" decoding=\"async\" class=\"alignleft size-medium wp-image-9256\" src=\"https:\/\/revistaenfoquepolitico.com\/wp-content\/uploads\/2026\/08\/IMG-20260829-WA0365-300x200.jpg\" alt=\"\" width=\"300\" height=\"200\" srcset=\"https:\/\/revistaenfoquepolitico.com\/wp-content\/uploads\/2026\/08\/IMG-20260829-WA0365-300x200.jpg 300w, https:\/\/revistaenfoquepolitico.com\/wp-content\/uploads\/2026\/08\/IMG-20260829-WA0365-1024x683.jpg 1024w, https:\/\/revistaenfoquepolitico.com\/wp-content\/uploads\/2026\/08\/IMG-20260829-WA0365-768x512.jpg 768w, https:\/\/revistaenfoquepolitico.com\/wp-content\/uploads\/2026\/08\/IMG-20260829-WA0365-1536x1024.jpg 1536w, https:\/\/revistaenfoquepolitico.com\/wp-content\/uploads\/2026\/08\/IMG-20260829-WA0365-2048x1366.jpg 2048w\" sizes=\"auto, (max-width: 300px) 100vw, 300px\" \/>Durante la jornada musical en la avenida Independencia, la alcaldesa Rosa Mar\u00eda Hern\u00e1ndez Espejo disfrut\u00f3 junto con las y los aficionados del rock las presentaciones de las bandas participantes y reiter\u00f3 su compromiso de seguir impulsando espacios de sano entretenimiento, cultura y promoci\u00f3n del talento local.<\/div>\n<div dir=\"auto\" style=\"text-align: justify;\">&#8212;&#8212;&#8212;&#8212;&#8212;&#8212;&#8212;&#8212;&#8212;&#8212;&#8212;&#8212;&#8212;&#8212;&#8212;&#8212;-<\/div>\n<div dir=\"auto\" style=\"text-align: justify;\">La presidenta del DIF Municipal de Veracruz, Daniela Lily Hern\u00e1ndez, y el director de Bienestar Municipal, Manuel Rogel Sol\u00eds, entregaron \u201cEl Volov\u00e1n de Oro\u201d a las bandas participantes por su aportaci\u00f3n a la escena musical local.<\/div>\n<div dir=\"auto\" style=\"text-align: justify;\">&#8212;&#8212;&#8212;&#8212;&#8212;&#8212;&#8212;&#8212;&#8212;&#8212;&#8212;&#8212;&#8212;&#8212;&#8212;&#8212;&#8211;<\/div>\n<div dir=\"auto\" style=\"text-align: justify;\">Restaurantes, vendedores de alimentos y bebidas y emprendedores veracruzanos tambi\u00e9n formaron parte del festival, con espacios para promover sus productos y servicios ante la afluencia de familias y visitantes, generando una importante derrama econ\u00f3mica para el comercio local.<\/div>\n<div id=\"x_ms-outlook-mobile-body-separator-line\" dir=\"auto\" data-applydefaultfontstyles=\"true\">\n<div dir=\"auto\" style=\"text-align: justify;\"><\/div>\n<\/div>\n","protected":false},"excerpt":{"rendered":"<p>29 de agosto de 2026 Bolet\u00edn Informativo *\u201cVive Jarocho 2026\u201d: \u00c9xito rotundo con miles de asistentes que abarrotaron el Centro Hist\u00f3rico de Veracruz* &#8212;&#8212;&#8212;&#8212;&#8212;&#8212;&#8212;&#8212;&#8212;&#8212;&#8212;&#8212;&#8212;&#8212;&#8212;&#8211; ***La primera edici\u00f3n del festival, impulsada por la alcaldesa de Veracruz, Rosa Mar\u00eda Hern\u00e1ndez Espejo, se consolid\u00f3 con una propuesta que reuni\u00f3 deporte, historia y m\u00fasica, fortaleciendo la oferta tur\u00edstica de [&hellip;]<\/p>\n","protected":false},"author":1,"featured_media":9257,"comment_status":"closed","ping_status":"closed","sticky":false,"template":"","format":"standard","meta":{"_jetpack_memberships_contains_paid_content":false,"footnotes":"","jetpack_publicize_message":"","jetpack_publicize_feature_enabled":true,"jetpack_social_post_already_shared":true,"jetpack_social_options":{"image_generator_settings":{"template":"highway","default_image_id":0,"font":"","enabled":false},"version":2}},"categories":[4],"tags":[72],"class_list":["post-9255","post","type-post","status-publish","format-standard","has-post-thumbnail","hentry","category-noticia-politica","tag-rosa-maria-presidenta-de-veracruz"],"jetpack_publicize_connections":[],"jetpack_featured_media_url":"https:\/\/revistaenfoquepolitico.com\/wp-content\/uploads\/2026\/08\/IMG-20260829-WA0368-scaled.jpg","jetpack_sharing_enabled":true,"_links":{"self":[{"href":"https:\/\/revistaenfoquepolitico.com\/index.php\/wp-json\/wp\/v2\/posts\/9255","targetHints":{"allow":["GET"]}}],"collection":[{"href":"https:\/\/revistaenfoquepolitico.com\/index.php\/wp-json\/wp\/v2\/posts"}],"about":[{"href":"https:\/\/revistaenfoquepolitico.com\/index.php\/wp-json\/wp\/v2\/types\/post"}],"author":[{"embeddable":true,"href":"https:\/\/revistaenfoquepolitico.com\/index.php\/wp-json\/wp\/v2\/users\/1"}],"replies":[{"embeddable":true,"href":"https:\/\/revistaenfoquepolitico.com\/index.php\/wp-json\/wp\/v2\/comments?post=9255"}],"version-history":[{"count":1,"href":"https:\/\/revistaenfoquepolitico.com\/index.php\/wp-json\/wp\/v2\/posts\/9255\/revisions"}],"predecessor-version":[{"id":9260,"href":"https:\/\/revistaenfoquepolitico.com\/index.php\/wp-json\/wp\/v2\/posts\/9255\/revisions\/9260"}],"wp:featuredmedia":[{"embeddable":true,"href":"https:\/\/revistaenfoquepolitico.com\/index.php\/wp-json\/wp\/v2\/media\/9257"}],"wp:attachment":[{"href":"https:\/\/revistaenfoquepolitico.com\/index.php\/wp-json\/wp\/v2\/media?parent=9255"}],"wp:term":[{"taxonomy":"category","embeddable":true,"href":"https:\/\/revistaenfoquepolitico.com\/index.php\/wp-json\/wp\/v2\/categories?post=9255"},{"taxonomy":"post_tag","embeddable":true,"href":"https:\/\/revistaenfoquepolitico.com\/index.php\/wp-json\/wp\/v2\/tags?post=9255"}],"curies":[{"name":"wp","href":"https:\/\/api.w.org\/{rel}","templated":true}]}}