{"id":9264,"date":"2026-08-30T18:58:34","date_gmt":"2026-08-31T00:58:34","guid":{"rendered":"https:\/\/revistaenfoquepolitico.com\/?p=9264"},"modified":"2026-08-30T18:58:34","modified_gmt":"2026-08-31T00:58:34","slug":"impulsa-ayuntamiento-de-veracruz-acciones-de-educacion","status":"publish","type":"post","link":"https:\/\/revistaenfoquepolitico.com\/index.php\/2026\/08\/30\/impulsa-ayuntamiento-de-veracruz-acciones-de-educacion\/","title":{"rendered":"IMPULSA AYUNTAMIENTO DE VERACRUZ ACCIONES DE EDUCACI\u00d3N"},"content":{"rendered":"<div dir=\"auto\" data-olk-copy-source=\"MessageBody\">30 de agosto de 2026<\/div>\n<div dir=\"auto\">Bolet\u00edn Informativo<\/div>\n<div dir=\"auto\"><\/div>\n<div dir=\"auto\" style=\"text-align: justify;\">*Impulsa Ayuntamiento de Veracruz acciones de educaci\u00f3n ambiental y reciclaje*<\/div>\n<div dir=\"auto\" style=\"text-align: justify;\">&#8212;&#8212;&#8212;&#8212;&#8212;&#8212;&#8212;&#8212;&#8212;&#8212;&#8212;&#8212;&#8212;&#8212;&#8212;&#8212;<\/div>\n<div dir=\"auto\" style=\"text-align: justify;\">***La alcaldesa de Veracruz, Rosa Mar\u00eda Hern\u00e1ndez Espejo, promueve talleres que brindan a las familias herramientas pr\u00e1cticas para aprovechar materiales reciclables, reducir la generaci\u00f3n de residuos y contribuir al cuidado del entorno.<\/div>\n<div dir=\"auto\" style=\"text-align: justify;\">&#8212;&#8212;&#8212;&#8212;&#8212;&#8212;&#8212;&#8212;&#8212;&#8212;&#8212;&#8212;&#8212;&#8212;&#8212;&#8212;-<\/div>\n<div dir=\"auto\" style=\"text-align: justify;\">La direcci\u00f3n municipal de Medio Ambiente de Veracruz, siguiendo la visi\u00f3n de la alcaldesa Rosa Mar\u00eda Hern\u00e1ndez Espejo de fomentar el cuidado ambiental, imparti\u00f3 el taller \u201cElaboraci\u00f3n de bolsas con material reciclable PET\u201d en el Parque Miguel \u00c1ngel de Quevedo, para promover la reutilizaci\u00f3n y reducir la generaci\u00f3n de residuos s\u00f3lidos urbanos.<\/div>\n<div dir=\"auto\" style=\"text-align: justify;\">&#8212;&#8212;&#8212;&#8212;&#8212;&#8212;&#8212;&#8212;&#8212;&#8212;&#8212;&#8212;&#8212;&#8212;&#8212;&#8212;<\/div>\n<div dir=\"auto\" style=\"text-align: justify;\">Durante el taller, las y los participantes aprendieron a transformar botellas de PET en bolsas de uso cotidiano mediante t\u00e9cnicas sencillas, convirtiendo un material destinado a desecharse en un producto funcional y disminuyendo as\u00ed la cantidad de pl\u00e1stico que puede llegar a los sitios de disposici\u00f3n final.<\/div>\n<div dir=\"auto\" style=\"text-align: justify;\">&#8212;&#8212;&#8212;&#8212;&#8212;&#8212;&#8212;&#8212;&#8212;&#8212;&#8212;&#8212;&#8212;&#8212;&#8212;&#8212;-<\/div>\n<div dir=\"auto\" style=\"text-align: justify;\">Este tipo de talleres permite que los conocimientos adquiridos puedan reproducirse en los hogares, donde las familias tienen la posibilidad de incorporar alternativas sencillas para aprovechar materiales que todav\u00eda pueden ser utilizados antes de convertirse en residuos.<\/div>\n<div dir=\"auto\" style=\"text-align: justify;\">&#8212;&#8212;&#8212;&#8212;&#8212;&#8212;&#8212;&#8212;&#8212;&#8212;&#8212;&#8212;&#8212;&#8212;&#8212;&#8212;&#8211;<\/div>\n<div dir=\"auto\" style=\"text-align: justify;\">Con estas acciones, el Ayuntamiento de Veracruz acerca a la ciudadan\u00eda opciones pr\u00e1cticas para participar en el cuidado de la ciudad, mediante una estrategia que fomenta h\u00e1bitos responsables y fortalece la colaboraci\u00f3n de las familias en la reducci\u00f3n de residuos s\u00f3lidos urbanos.<\/div>\n<div id=\"x_ms-outlook-mobile-body-separator-line\" dir=\"auto\" data-applydefaultfontstyles=\"true\">\n<div dir=\"auto\" style=\"text-align: justify;\"><\/div>\n<\/div>\n","protected":false},"excerpt":{"rendered":"<p>30 de agosto de 2026 Bolet\u00edn Informativo *Impulsa Ayuntamiento de Veracruz acciones de educaci\u00f3n ambiental y reciclaje* &#8212;&#8212;&#8212;&#8212;&#8212;&#8212;&#8212;&#8212;&#8212;&#8212;&#8212;&#8212;&#8212;&#8212;&#8212;&#8212; ***La alcaldesa de Veracruz, Rosa Mar\u00eda Hern\u00e1ndez Espejo, promueve talleres que brindan a las familias herramientas pr\u00e1cticas para aprovechar materiales reciclables, reducir la generaci\u00f3n de residuos y contribuir al cuidado del entorno. &#8212;&#8212;&#8212;&#8212;&#8212;&#8212;&#8212;&#8212;&#8212;&#8212;&#8212;&#8212;&#8212;&#8212;&#8212;&#8212;- La direcci\u00f3n municipal de [&hellip;]<\/p>\n","protected":false},"author":1,"featured_media":9265,"comment_status":"closed","ping_status":"closed","sticky":false,"template":"","format":"standard","meta":{"_jetpack_memberships_contains_paid_content":false,"footnotes":"","jetpack_publicize_message":"","jetpack_publicize_feature_enabled":true,"jetpack_social_post_already_shared":true,"jetpack_social_options":{"image_generator_settings":{"template":"highway","default_image_id":0,"font":"","enabled":false},"version":2}},"categories":[4],"tags":[72],"class_list":["post-9264","post","type-post","status-publish","format-standard","has-post-thumbnail","hentry","category-noticia-politica","tag-rosa-maria-presidenta-de-veracruz"],"jetpack_publicize_connections":[],"jetpack_featured_media_url":"https:\/\/revistaenfoquepolitico.com\/wp-content\/uploads\/2026\/08\/IMG-20260830-WA0152.jpg","jetpack_sharing_enabled":true,"_links":{"self":[{"href":"https:\/\/revistaenfoquepolitico.com\/index.php\/wp-json\/wp\/v2\/posts\/9264","targetHints":{"allow":["GET"]}}],"collection":[{"href":"https:\/\/revistaenfoquepolitico.com\/index.php\/wp-json\/wp\/v2\/posts"}],"about":[{"href":"https:\/\/revistaenfoquepolitico.com\/index.php\/wp-json\/wp\/v2\/types\/post"}],"author":[{"embeddable":true,"href":"https:\/\/revistaenfoquepolitico.com\/index.php\/wp-json\/wp\/v2\/users\/1"}],"replies":[{"embeddable":true,"href":"https:\/\/revistaenfoquepolitico.com\/index.php\/wp-json\/wp\/v2\/comments?post=9264"}],"version-history":[{"count":1,"href":"https:\/\/revistaenfoquepolitico.com\/index.php\/wp-json\/wp\/v2\/posts\/9264\/revisions"}],"predecessor-version":[{"id":9266,"href":"https:\/\/revistaenfoquepolitico.com\/index.php\/wp-json\/wp\/v2\/posts\/9264\/revisions\/9266"}],"wp:featuredmedia":[{"embeddable":true,"href":"https:\/\/revistaenfoquepolitico.com\/index.php\/wp-json\/wp\/v2\/media\/9265"}],"wp:attachment":[{"href":"https:\/\/revistaenfoquepolitico.com\/index.php\/wp-json\/wp\/v2\/media?parent=9264"}],"wp:term":[{"taxonomy":"category","embeddable":true,"href":"https:\/\/revistaenfoquepolitico.com\/index.php\/wp-json\/wp\/v2\/categories?post=9264"},{"taxonomy":"post_tag","embeddable":true,"href":"https:\/\/revistaenfoquepolitico.com\/index.php\/wp-json\/wp\/v2\/tags?post=9264"}],"curies":[{"name":"wp","href":"https:\/\/api.w.org\/{rel}","templated":true}]}}