{"id":9268,"date":"2026-08-31T09:33:52","date_gmt":"2026-08-31T15:33:52","guid":{"rendered":"https:\/\/revistaenfoquepolitico.com\/?p=9268"},"modified":"2026-08-31T09:33:52","modified_gmt":"2026-08-31T15:33:52","slug":"respalda-alcaldesa-rosa-maria-al-talento-deportivo-veracruzano","status":"publish","type":"post","link":"https:\/\/revistaenfoquepolitico.com\/index.php\/2026\/08\/31\/respalda-alcaldesa-rosa-maria-al-talento-deportivo-veracruzano\/","title":{"rendered":"RESPALDA ALCALDESA ROSA MAR\u00cdA AL TALENTO DEPORTIVO VERACRUZANO"},"content":{"rendered":"<div dir=\"auto\" data-olk-copy-source=\"MessageBody\">30 de agosto de 2026<\/div>\n<div dir=\"auto\">Bolet\u00edn Informativo<\/div>\n<div dir=\"auto\"><\/div>\n<div dir=\"auto\">*La presidenta municipal felicit\u00f3 al taekwondo Kevin Mu\u00f1oz por su medalla de oro invicta en Per\u00fa y reiter\u00f3 su compromiso con la juventud*<\/div>\n<div dir=\"auto\">&#8212;&#8212;&#8212;&#8212;&#8212;&#8212;&#8212;&#8212;&#8212;&#8212;&#8212;&#8212;&#8212;&#8212;&#8212;&#8212;-<\/div>\n<div dir=\"auto\" style=\"text-align: justify;\">La alcaldesa Rosa Mar\u00eda Hern\u00e1ndez Espejo, en su compromiso por impulsar el deporte y apoyar a la juventud, felicit\u00f3 al taekwondo Kevin Mu\u00f1oz Gonz\u00e1lez tras ganar la medalla de oro invicta en la \u00abCopa Presidentes\u00bb en Lima, Per\u00fa, quien puso en alto el nombre del municipio porte\u00f1o en la categor\u00eda juvenil junto a su entrenador, Liam Quintal.<\/div>\n<div dir=\"auto\" style=\"text-align: justify;\">&#8212;&#8212;&#8212;&#8212;&#8212;&#8212;&#8212;&#8212;&#8212;&#8212;&#8212;&#8212;&#8212;&#8212;&#8212;&#8212;-<\/div>\n<div dir=\"auto\" style=\"text-align: justify;\">La presidenta municipal reafirm\u00f3 el compromiso de su administraci\u00f3n para seguir impulsando el talento deportivo de la juventud veracruzana. El atleta Kevin Mu\u00f1oz tuvo una participaci\u00f3n impecable en el torneo internacional, sin ceder un solo round en sus combates.<\/div>\n<div dir=\"auto\" style=\"text-align: justify;\">&#8212;&#8212;&#8212;&#8212;&#8212;&#8212;&#8212;&#8212;&#8212;&#8212;&#8212;&#8212;&#8212;&#8212;&#8212;&#8212;<\/div>\n<div dir=\"auto\" style=\"text-align: justify;\">En su ruta al oro, el deportista super\u00f3 de forma consecutiva a los representantes de Ecuador, Puerto Rico, M\u00e9xico y Brasil. Este triunfo se suma a la medalla de oro obtenida en la pasada Olimpiada Nacional CONADE 2026.<\/div>\n<div dir=\"auto\" style=\"text-align: justify;\">&#8212;&#8212;&#8212;&#8212;&#8212;&#8212;&#8212;&#8212;&#8212;&#8212;&#8212;&#8212;&#8212;&#8212;&#8212;&#8212;<\/div>\n<div dir=\"auto\" style=\"text-align: justify;\">La alcaldesa, quien ha respaldado durante la presente gesti\u00f3n municipal al taekwondo, le dese\u00f3 el mayor de los \u00e9xitos, ya que el veracruzano viajar\u00e1 a Corea del Sur para realizar un campamento intensivo de preparaci\u00f3n durante un mes. Con estas acciones, el Ayuntamiento de Veracruz refrenda su compromiso y apoyo al talento de las y los j\u00f3venes de la ciudad.<\/div>\n<div id=\"x_ms-outlook-mobile-body-separator-line\" dir=\"auto\" data-applydefaultfontstyles=\"true\">\n<div dir=\"auto\" style=\"text-align: justify;\"><img loading=\"lazy\" decoding=\"async\" class=\"aligncenter size-medium wp-image-9270\" src=\"https:\/\/revistaenfoquepolitico.com\/wp-content\/uploads\/2026\/08\/IMG-20260830-WA0247-225x300.jpg\" alt=\"\" width=\"225\" height=\"300\" srcset=\"https:\/\/revistaenfoquepolitico.com\/wp-content\/uploads\/2026\/08\/IMG-20260830-WA0247-225x300.jpg 225w, https:\/\/revistaenfoquepolitico.com\/wp-content\/uploads\/2026\/08\/IMG-20260830-WA0247-768x1024.jpg 768w, https:\/\/revistaenfoquepolitico.com\/wp-content\/uploads\/2026\/08\/IMG-20260830-WA0247-1152x1536.jpg 1152w, https:\/\/revistaenfoquepolitico.com\/wp-content\/uploads\/2026\/08\/IMG-20260830-WA0247-1536x2048.jpg 1536w, https:\/\/revistaenfoquepolitico.com\/wp-content\/uploads\/2026\/08\/IMG-20260830-WA0247.jpg 1920w\" sizes=\"auto, (max-width: 225px) 100vw, 225px\" \/><\/div>\n<\/div>\n","protected":false},"excerpt":{"rendered":"<p>30 de agosto de 2026 Bolet\u00edn Informativo *La presidenta municipal felicit\u00f3 al taekwondo Kevin Mu\u00f1oz por su medalla de oro invicta en Per\u00fa y reiter\u00f3 su compromiso con la juventud* &#8212;&#8212;&#8212;&#8212;&#8212;&#8212;&#8212;&#8212;&#8212;&#8212;&#8212;&#8212;&#8212;&#8212;&#8212;&#8212;- La alcaldesa Rosa Mar\u00eda Hern\u00e1ndez Espejo, en su compromiso por impulsar el deporte y apoyar a la juventud, felicit\u00f3 al taekwondo Kevin Mu\u00f1oz Gonz\u00e1lez [&hellip;]<\/p>\n","protected":false},"author":1,"featured_media":9269,"comment_status":"closed","ping_status":"closed","sticky":false,"template":"","format":"standard","meta":{"_jetpack_memberships_contains_paid_content":false,"footnotes":"","jetpack_publicize_message":"","jetpack_publicize_feature_enabled":true,"jetpack_social_post_already_shared":true,"jetpack_social_options":{"image_generator_settings":{"template":"highway","default_image_id":0,"font":"","enabled":false},"version":2}},"categories":[4],"tags":[72],"class_list":["post-9268","post","type-post","status-publish","format-standard","has-post-thumbnail","hentry","category-noticia-politica","tag-rosa-maria-presidenta-de-veracruz"],"jetpack_publicize_connections":[],"jetpack_featured_media_url":"https:\/\/revistaenfoquepolitico.com\/wp-content\/uploads\/2026\/08\/IMG-20260830-WA0245.jpg","jetpack_sharing_enabled":true,"_links":{"self":[{"href":"https:\/\/revistaenfoquepolitico.com\/index.php\/wp-json\/wp\/v2\/posts\/9268","targetHints":{"allow":["GET"]}}],"collection":[{"href":"https:\/\/revistaenfoquepolitico.com\/index.php\/wp-json\/wp\/v2\/posts"}],"about":[{"href":"https:\/\/revistaenfoquepolitico.com\/index.php\/wp-json\/wp\/v2\/types\/post"}],"author":[{"embeddable":true,"href":"https:\/\/revistaenfoquepolitico.com\/index.php\/wp-json\/wp\/v2\/users\/1"}],"replies":[{"embeddable":true,"href":"https:\/\/revistaenfoquepolitico.com\/index.php\/wp-json\/wp\/v2\/comments?post=9268"}],"version-history":[{"count":1,"href":"https:\/\/revistaenfoquepolitico.com\/index.php\/wp-json\/wp\/v2\/posts\/9268\/revisions"}],"predecessor-version":[{"id":9271,"href":"https:\/\/revistaenfoquepolitico.com\/index.php\/wp-json\/wp\/v2\/posts\/9268\/revisions\/9271"}],"wp:featuredmedia":[{"embeddable":true,"href":"https:\/\/revistaenfoquepolitico.com\/index.php\/wp-json\/wp\/v2\/media\/9269"}],"wp:attachment":[{"href":"https:\/\/revistaenfoquepolitico.com\/index.php\/wp-json\/wp\/v2\/media?parent=9268"}],"wp:term":[{"taxonomy":"category","embeddable":true,"href":"https:\/\/revistaenfoquepolitico.com\/index.php\/wp-json\/wp\/v2\/categories?post=9268"},{"taxonomy":"post_tag","embeddable":true,"href":"https:\/\/revistaenfoquepolitico.com\/index.php\/wp-json\/wp\/v2\/tags?post=9268"}],"curies":[{"name":"wp","href":"https:\/\/api.w.org\/{rel}","templated":true}]}}