{"id":9282,"date":"2026-08-31T20:16:23","date_gmt":"2026-09-01T02:16:23","guid":{"rendered":"https:\/\/revistaenfoquepolitico.com\/?p=9282"},"modified":"2026-08-31T20:16:23","modified_gmt":"2026-09-01T02:16:23","slug":"los-recuerdos-se-viven-mejor-con-musica","status":"publish","type":"post","link":"https:\/\/revistaenfoquepolitico.com\/index.php\/2026\/08\/31\/los-recuerdos-se-viven-mejor-con-musica\/","title":{"rendered":"LOS RECUERDOS SE VIVEN MEJOR CON M\u00daSICA"},"content":{"rendered":"<div id=\"x_ms-outlook-mobile-body-separator-line\" dir=\"auto\" data-applydefaultfontstyles=\"true\">\n<div dir=\"auto\"><strong>\ud83c\udfb6\u2728 LOS RECUERDOS SE VIVEN MEJOR CON M\u00daSICA<\/strong><\/div>\n<div dir=\"auto\">&#8212;&#8212;&#8212;&#8212;&#8212;&#8212;&#8212;&#8212;&#8212;&#8212;&#8212;&#8212;&#8212;&#8212;&#8212;&#8212;-<\/div>\n<div dir=\"auto\" style=\"text-align: justify;\">Medell\u00edn de Bravo est\u00e1 listo para recibir una noche llena de \u00e9xitos, nostalgia y momentos que seguramente traer\u00e1n grandes recuerdos.<\/div>\n<div dir=\"auto\">&#8212;&#8212;&#8212;&#8212;&#8212;&#8212;&#8212;&#8212;&#8212;&#8212;&#8212;&#8212;&#8212;&#8212;&#8212;&#8212;-<\/div>\n<div dir=\"auto\">\ud83d\udcaa MATUTE llega para poner a cantar y disfrutar a toda una generaci\u00f3n.<\/div>\n<div dir=\"auto\"><\/div>\n<div dir=\"auto\">\ud83c\udf9f\ufe0f Ya puedes adquirir tus boletos:<\/div>\n<div dir=\"auto\"><\/div>\n<div dir=\"auto\">\ud83d\udcbb En l\u00ednea: www.codexqr.mx<\/div>\n<div dir=\"auto\">\ud83d\udccd Presencial: Casa de la Cultura de Medell\u00edn de Bravo<\/div>\n<div dir=\"auto\">\u23f0 Lunes a viernes, de 9:00 AM a 4:00 PM<\/div>\n<div dir=\"auto\"><\/div>\n<div dir=\"auto\">\ud83d\udce2 Invita a tus amigos, prep\u00e1rate para cantar tus canciones favoritas y s\u00e9 parte de esta gran noche en Medell\u00edn de Bravo.<\/div>\n<div dir=\"auto\"><\/div>\n<div dir=\"auto\">\u00a1Nos vemos para cantar juntos! \ud83c\udfb6\ud83d\udd25<\/div>\n<\/div>\n<div dir=\"auto\"><\/div>\n<div dir=\"auto\"><img loading=\"lazy\" decoding=\"async\" class=\"aligncenter size-medium wp-image-9283\" src=\"https:\/\/revistaenfoquepolitico.com\/wp-content\/uploads\/2026\/08\/IMG-20260831-WA0199-240x300.jpg\" alt=\"\" width=\"240\" height=\"300\" srcset=\"https:\/\/revistaenfoquepolitico.com\/wp-content\/uploads\/2026\/08\/IMG-20260831-WA0199-240x300.jpg 240w, https:\/\/revistaenfoquepolitico.com\/wp-content\/uploads\/2026\/08\/IMG-20260831-WA0199-819x1024.jpg 819w, https:\/\/revistaenfoquepolitico.com\/wp-content\/uploads\/2026\/08\/IMG-20260831-WA0199-768x960.jpg 768w, https:\/\/revistaenfoquepolitico.com\/wp-content\/uploads\/2026\/08\/IMG-20260831-WA0199.jpg 1080w\" sizes=\"auto, (max-width: 240px) 100vw, 240px\" \/><\/div>\n<div dir=\"auto\"><\/div>\n<div dir=\"auto\"><\/div>\n<div dir=\"auto\"><\/div>\n<div dir=\"auto\"><\/div>\n","protected":false},"excerpt":{"rendered":"<p>\ud83c\udfb6\u2728 LOS RECUERDOS SE VIVEN MEJOR CON M\u00daSICA &#8212;&#8212;&#8212;&#8212;&#8212;&#8212;&#8212;&#8212;&#8212;&#8212;&#8212;&#8212;&#8212;&#8212;&#8212;&#8212;- Medell\u00edn de Bravo est\u00e1 listo para recibir una noche llena de \u00e9xitos, nostalgia y momentos que seguramente traer\u00e1n grandes recuerdos. &#8212;&#8212;&#8212;&#8212;&#8212;&#8212;&#8212;&#8212;&#8212;&#8212;&#8212;&#8212;&#8212;&#8212;&#8212;&#8212;- \ud83d\udcaa MATUTE llega para poner a cantar y disfrutar a toda una generaci\u00f3n. \ud83c\udf9f\ufe0f Ya puedes adquirir tus boletos: \ud83d\udcbb En l\u00ednea: www.codexqr.mx \ud83d\udccd Presencial: [&hellip;]<\/p>\n","protected":false},"author":1,"featured_media":9283,"comment_status":"closed","ping_status":"closed","sticky":false,"template":"","format":"standard","meta":{"_jetpack_memberships_contains_paid_content":false,"footnotes":"","jetpack_publicize_message":"","jetpack_publicize_feature_enabled":true,"jetpack_social_post_already_shared":true,"jetpack_social_options":{"image_generator_settings":{"template":"highway","default_image_id":0,"font":"","enabled":false},"version":2}},"categories":[4],"tags":[73],"class_list":["post-9282","post","type-post","status-publish","format-standard","has-post-thumbnail","hentry","category-noticia-politica","tag-samuel-acosta-alcalde-de-medellin"],"jetpack_publicize_connections":[],"jetpack_featured_media_url":"https:\/\/revistaenfoquepolitico.com\/wp-content\/uploads\/2026\/08\/IMG-20260831-WA0199.jpg","jetpack_sharing_enabled":true,"_links":{"self":[{"href":"https:\/\/revistaenfoquepolitico.com\/index.php\/wp-json\/wp\/v2\/posts\/9282","targetHints":{"allow":["GET"]}}],"collection":[{"href":"https:\/\/revistaenfoquepolitico.com\/index.php\/wp-json\/wp\/v2\/posts"}],"about":[{"href":"https:\/\/revistaenfoquepolitico.com\/index.php\/wp-json\/wp\/v2\/types\/post"}],"author":[{"embeddable":true,"href":"https:\/\/revistaenfoquepolitico.com\/index.php\/wp-json\/wp\/v2\/users\/1"}],"replies":[{"embeddable":true,"href":"https:\/\/revistaenfoquepolitico.com\/index.php\/wp-json\/wp\/v2\/comments?post=9282"}],"version-history":[{"count":1,"href":"https:\/\/revistaenfoquepolitico.com\/index.php\/wp-json\/wp\/v2\/posts\/9282\/revisions"}],"predecessor-version":[{"id":9284,"href":"https:\/\/revistaenfoquepolitico.com\/index.php\/wp-json\/wp\/v2\/posts\/9282\/revisions\/9284"}],"wp:featuredmedia":[{"embeddable":true,"href":"https:\/\/revistaenfoquepolitico.com\/index.php\/wp-json\/wp\/v2\/media\/9283"}],"wp:attachment":[{"href":"https:\/\/revistaenfoquepolitico.com\/index.php\/wp-json\/wp\/v2\/media?parent=9282"}],"wp:term":[{"taxonomy":"category","embeddable":true,"href":"https:\/\/revistaenfoquepolitico.com\/index.php\/wp-json\/wp\/v2\/categories?post=9282"},{"taxonomy":"post_tag","embeddable":true,"href":"https:\/\/revistaenfoquepolitico.com\/index.php\/wp-json\/wp\/v2\/tags?post=9282"}],"curies":[{"name":"wp","href":"https:\/\/api.w.org\/{rel}","templated":true}]}}