{"id":9285,"date":"2026-08-31T20:29:56","date_gmt":"2026-09-01T02:29:56","guid":{"rendered":"https:\/\/revistaenfoquepolitico.com\/?p=9285"},"modified":"2026-08-31T20:29:56","modified_gmt":"2026-09-01T02:29:56","slug":"alcalde-samuel-acosta-consigue-descuentos-y-facilidades-de-pago-para-usuarios-de-grupo-mas","status":"publish","type":"post","link":"https:\/\/revistaenfoquepolitico.com\/index.php\/2026\/08\/31\/alcalde-samuel-acosta-consigue-descuentos-y-facilidades-de-pago-para-usuarios-de-grupo-mas\/","title":{"rendered":"ALCALDE SAMUEL ACOSTA CONSIGUE DESCUENTOS Y FACILIDADES DE PAGO PARA USUARIOS DE GRUPO MAS"},"content":{"rendered":"<div dir=\"auto\" data-olk-copy-source=\"MessageBody\"><strong>Alcalde Samuel Acosta consigue descuentos y facilidades de pago para usuarios de Grupo MAS en Medell\u00edn de Bravo<\/strong><\/div>\n<div dir=\"auto\">&#8212;&#8212;&#8212;&#8212;&#8212;&#8212;&#8212;&#8212;&#8212;&#8212;&#8212;&#8212;&#8212;&#8212;&#8212;&#8212;-<\/div>\n<div dir=\"auto\">Medell\u00edn de Bravo, Veracruz, 31 de agosto de 2026<\/div>\n<div dir=\"auto\"><\/div>\n<div dir=\"auto\" style=\"text-align: justify;\">Como resultado de la gesti\u00f3n del alcalde Ing. Samuel Acosta Mart\u00ednez, el H. Ayuntamiento de Medell\u00edn de Bravo concret\u00f3 un acuerdo con Grupo MAS para brindar facilidades a las familias del municipio que buscan regularizar su servicio de agua potable y ponerse al corriente en sus adeudos.<\/div>\n<div dir=\"auto\" style=\"text-align: justify;\">&#8212;&#8212;&#8212;&#8212;&#8212;&#8212;&#8212;&#8212;&#8212;&#8212;&#8212;&#8212;&#8212;&#8212;&#8212;&#8212;-<\/div>\n<div dir=\"auto\" style=\"text-align: justify;\">A partir de hoy y durante todo el mes de septiembre, en d\u00edas h\u00e1biles, permanecer\u00e1 instalado un m\u00f3dulo de atenci\u00f3n de Grupo MAS en las instalaciones del Ayuntamiento de Medell\u00edn de Bravo, donde la ciudadan\u00eda podr\u00e1 recibir orientaci\u00f3n personalizada, conocer su situaci\u00f3n y acceder a las alternativas disponibles. El horario de atenci\u00f3n ser\u00e1 de 9:00 de la ma\u00f1ana a 4:00 de la tarde.<\/div>\n<div dir=\"auto\" style=\"text-align: justify;\">&#8212;&#8212;&#8212;&#8212;&#8212;&#8212;&#8212;&#8212;&#8212;&#8212;&#8212;&#8212;&#8212;&#8212;&#8212;&#8211;<\/div>\n<div dir=\"auto\" style=\"text-align: justify;\">Entre los beneficios contemplados destaca el 100 por ciento de descuento en multas y recargos, permitiendo a las familias reducir de manera importante el monto de sus adeudos.<\/div>\n<div dir=\"auto\" style=\"text-align: justify;\">&#8212;&#8212;&#8212;&#8212;&#8212;&#8212;&#8212;&#8212;&#8212;&#8212;&#8212;&#8212;&#8212;&#8212;&#8212;&#8212;&#8211;<\/div>\n<div dir=\"auto\" style=\"text-align: justify;\">Asimismo, se ofrecer\u00e1n convenios de pago con un anticipo del 30 por ciento y hasta 18 meses para liquidar el saldo, sin intereses, brindando mayores facilidades para quienes requieren ponerse al corriente de manera gradual.<\/div>\n<div dir=\"auto\" style=\"text-align: justify;\">&#8212;&#8212;&#8212;&#8212;&#8212;&#8212;&#8212;&#8212;&#8212;&#8212;&#8212;&#8212;&#8212;&#8212;&#8212;&#8212;-<\/div>\n<div dir=\"auto\" style=\"text-align: justify;\">Otro de los beneficios es el 50 por ciento de descuento en el costo de reconexi\u00f3n del servicio, dirigido a usuarios que necesiten restablecer su suministro de agua.<\/div>\n<div dir=\"auto\" style=\"text-align: justify;\">&#8212;&#8212;&#8212;&#8212;&#8212;&#8212;&#8212;&#8212;&#8212;&#8212;&#8212;&#8212;&#8212;&#8212;&#8212;&#8212;&#8211;<\/div>\n<div dir=\"auto\" style=\"text-align: justify;\">El Gobierno Municipal hace un llamado a las familias de Medell\u00edn de Bravo para acercarse al m\u00f3dulo durante el periodo establecido, aprovechar los beneficios disponibles y recibir atenci\u00f3n directa para encontrar una alternativa que les permita regularizar su servicio.<\/div>\n<div dir=\"auto\" style=\"text-align: justify;\">&#8212;&#8212;&#8212;&#8212;&#8212;&#8212;&#8212;&#8212;&#8212;&#8212;&#8212;&#8212;&#8212;&#8212;&#8212;&#8212;-<\/div>\n<div dir=\"auto\" style=\"text-align: justify;\">La atenci\u00f3n estar\u00e1 disponible durante todo septiembre para que las familias de Medell\u00edn de Bravo puedan acercarse, conocer los beneficios y elegir la alternativa que mejor se ajuste a sus posibilidades, aprovechando las facilidades gestionadas para apoyar la regularizaci\u00f3n de su servicio de agua potable.<\/div>\n<div id=\"x_ms-outlook-mobile-body-separator-line\" dir=\"auto\" data-applydefaultfontstyles=\"true\">\n<div dir=\"auto\" style=\"text-align: justify;\"><\/div>\n<\/div>\n","protected":false},"excerpt":{"rendered":"<p>Alcalde Samuel Acosta consigue descuentos y facilidades de pago para usuarios de Grupo MAS en Medell\u00edn de Bravo &#8212;&#8212;&#8212;&#8212;&#8212;&#8212;&#8212;&#8212;&#8212;&#8212;&#8212;&#8212;&#8212;&#8212;&#8212;&#8212;- Medell\u00edn de Bravo, Veracruz, 31 de agosto de 2026 Como resultado de la gesti\u00f3n del alcalde Ing. Samuel Acosta Mart\u00ednez, el H. Ayuntamiento de Medell\u00edn de Bravo concret\u00f3 un acuerdo con Grupo MAS para brindar facilidades [&hellip;]<\/p>\n","protected":false},"author":1,"featured_media":9286,"comment_status":"closed","ping_status":"closed","sticky":false,"template":"","format":"standard","meta":{"_jetpack_memberships_contains_paid_content":false,"footnotes":"","jetpack_publicize_message":"","jetpack_publicize_feature_enabled":true,"jetpack_social_post_already_shared":true,"jetpack_social_options":{"image_generator_settings":{"template":"highway","default_image_id":0,"font":"","enabled":false},"version":2}},"categories":[4],"tags":[73],"class_list":["post-9285","post","type-post","status-publish","format-standard","has-post-thumbnail","hentry","category-noticia-politica","tag-samuel-acosta-alcalde-de-medellin"],"jetpack_publicize_connections":[],"jetpack_featured_media_url":"https:\/\/revistaenfoquepolitico.com\/wp-content\/uploads\/2026\/08\/IMG-20260831-WA0281.jpg","jetpack_sharing_enabled":true,"_links":{"self":[{"href":"https:\/\/revistaenfoquepolitico.com\/index.php\/wp-json\/wp\/v2\/posts\/9285","targetHints":{"allow":["GET"]}}],"collection":[{"href":"https:\/\/revistaenfoquepolitico.com\/index.php\/wp-json\/wp\/v2\/posts"}],"about":[{"href":"https:\/\/revistaenfoquepolitico.com\/index.php\/wp-json\/wp\/v2\/types\/post"}],"author":[{"embeddable":true,"href":"https:\/\/revistaenfoquepolitico.com\/index.php\/wp-json\/wp\/v2\/users\/1"}],"replies":[{"embeddable":true,"href":"https:\/\/revistaenfoquepolitico.com\/index.php\/wp-json\/wp\/v2\/comments?post=9285"}],"version-history":[{"count":1,"href":"https:\/\/revistaenfoquepolitico.com\/index.php\/wp-json\/wp\/v2\/posts\/9285\/revisions"}],"predecessor-version":[{"id":9287,"href":"https:\/\/revistaenfoquepolitico.com\/index.php\/wp-json\/wp\/v2\/posts\/9285\/revisions\/9287"}],"wp:featuredmedia":[{"embeddable":true,"href":"https:\/\/revistaenfoquepolitico.com\/index.php\/wp-json\/wp\/v2\/media\/9286"}],"wp:attachment":[{"href":"https:\/\/revistaenfoquepolitico.com\/index.php\/wp-json\/wp\/v2\/media?parent=9285"}],"wp:term":[{"taxonomy":"category","embeddable":true,"href":"https:\/\/revistaenfoquepolitico.com\/index.php\/wp-json\/wp\/v2\/categories?post=9285"},{"taxonomy":"post_tag","embeddable":true,"href":"https:\/\/revistaenfoquepolitico.com\/index.php\/wp-json\/wp\/v2\/tags?post=9285"}],"curies":[{"name":"wp","href":"https:\/\/api.w.org\/{rel}","templated":true}]}}