{"id":9288,"date":"2026-08-31T20:43:28","date_gmt":"2026-09-01T02:43:28","guid":{"rendered":"https:\/\/revistaenfoquepolitico.com\/?p=9288"},"modified":"2026-08-31T20:43:28","modified_gmt":"2026-09-01T02:43:28","slug":"refrenda-rosa-maria-compromiso-con-la-educacion","status":"publish","type":"post","link":"https:\/\/revistaenfoquepolitico.com\/index.php\/2026\/08\/31\/refrenda-rosa-maria-compromiso-con-la-educacion\/","title":{"rendered":"REFRENDA ROSA MAR\u00cdA COMPROMISO CON LA EDUCACI\u00d3N"},"content":{"rendered":"<div dir=\"auto\" data-olk-copy-source=\"MessageBody\">31 de agosto de 2026<\/div>\n<div dir=\"auto\">Bolet\u00edn Informativo<\/div>\n<div dir=\"auto\"><\/div>\n<div dir=\"auto\" style=\"text-align: justify;\"><strong>*Refrenda Rosa Mar\u00eda compromiso con la educaci\u00f3n, en el regreso a clases de m\u00e1s de 150 mil estudiantes en la ciudad de Veracruz*<\/strong><\/div>\n<div dir=\"auto\">&#8212;&#8212;&#8212;&#8212;&#8212;&#8212;&#8212;&#8212;&#8212;&#8212;&#8212;&#8212;&#8212;&#8212;&#8212;&#8212;-<\/div>\n<div dir=\"auto\" style=\"text-align: justify;\">**Al encabezar el inicio del ciclo escolar 2026-2027 en dos planteles educativos, la presidenta municipal destac\u00f3 el impulso que la presidenta Claudia Sheinbaum y la gobernadora Roc\u00edo Nahle Garc\u00eda brindan a la transformaci\u00f3n educativa.<\/div>\n<div dir=\"auto\" style=\"text-align: justify;\">-.&#8212;&#8212;&#8212;&#8212;&#8212;&#8212;&#8212;&#8212;&#8212;&#8212;&#8212;&#8212;&#8212;&#8212;&#8212;&#8212;<\/div>\n<div dir=\"auto\" style=\"text-align: justify;\"><img loading=\"lazy\" decoding=\"async\" class=\"alignleft size-medium wp-image-9290\" src=\"https:\/\/revistaenfoquepolitico.com\/wp-content\/uploads\/2026\/08\/IMG-20260831-WA0246-300x200.jpg\" alt=\"\" width=\"300\" height=\"200\" srcset=\"https:\/\/revistaenfoquepolitico.com\/wp-content\/uploads\/2026\/08\/IMG-20260831-WA0246-300x200.jpg 300w, https:\/\/revistaenfoquepolitico.com\/wp-content\/uploads\/2026\/08\/IMG-20260831-WA0246-1024x683.jpg 1024w, https:\/\/revistaenfoquepolitico.com\/wp-content\/uploads\/2026\/08\/IMG-20260831-WA0246-768x512.jpg 768w, https:\/\/revistaenfoquepolitico.com\/wp-content\/uploads\/2026\/08\/IMG-20260831-WA0246-1536x1024.jpg 1536w, https:\/\/revistaenfoquepolitico.com\/wp-content\/uploads\/2026\/08\/IMG-20260831-WA0246-2048x1365.jpg 2048w\" sizes=\"auto, (max-width: 300px) 100vw, 300px\" \/>La alcaldesa de Veracruz, Rosa Mar\u00eda Hern\u00e1ndez Espejo, encabez\u00f3 el inicio del ciclo escolar 2026-2027, con el regreso a las aulas de m\u00e1s de 150 mil estudiantes de los distintos niveles educativos en la ciudad, en el marco del impulso a la educaci\u00f3n promovido por la presidenta Claudia Sheinbaum Pardo y la gobernadora Roc\u00edo Nahle Garc\u00eda.<\/div>\n<div dir=\"auto\" style=\"text-align: justify;\">&#8212;&#8212;&#8212;&#8212;&#8212;&#8212;&#8212;&#8212;&#8212;&#8212;&#8212;&#8212;&#8212;&#8212;&#8212;&#8212;&#8211;<\/div>\n<div dir=\"auto\" style=\"text-align: justify;\">En la Escuela Secundaria T\u00e9cnica Industrial No. 160, ubicada en el fraccionamiento Los Torrentes, tambi\u00e9n asistieron Juan Nicol\u00e1s Callejas Rold\u00e1n, supervisor de la zona escolar 20, y Daniel Covarrubias L\u00f3pez, secretario general de la Secci\u00f3n 32 del SNTE, quienes participaron en la ceremonia oficial y los honores a la bandera.<\/div>\n<div dir=\"auto\" style=\"text-align: justify;\">&#8212;&#8212;&#8212;&#8212;&#8212;&#8212;&#8212;&#8212;&#8212;&#8212;&#8212;&#8212;&#8212;&#8212;&#8212;&#8212;-<\/div>\n<div dir=\"auto\" style=\"text-align: justify;\">En la primaria \u201cJos\u00e9 Vasconcelos\u201d, de la colonia Amapolas II, se realiz\u00f3 adem\u00e1s la entrega simb\u00f3lica de los nuevos libros de texto gratuitos, materiales que acompa\u00f1ar\u00e1n el aprendizaje de las y los estudiantes durante el ciclo escolar y que representan una herramienta fundamental para fortalecer su formaci\u00f3n acad\u00e9mica.<\/div>\n<div dir=\"auto\" style=\"text-align: justify;\">&#8212;&#8212;&#8212;&#8212;&#8212;&#8212;&#8212;&#8212;&#8212;&#8212;&#8212;&#8212;&#8212;&#8212;&#8212;&#8212;<\/div>\n<div dir=\"auto\" style=\"text-align: justify;\"><img loading=\"lazy\" decoding=\"async\" class=\"alignright size-medium wp-image-9291\" src=\"https:\/\/revistaenfoquepolitico.com\/wp-content\/uploads\/2026\/08\/IMG-20260831-WA0248-300x200.jpg\" alt=\"\" width=\"300\" height=\"200\" srcset=\"https:\/\/revistaenfoquepolitico.com\/wp-content\/uploads\/2026\/08\/IMG-20260831-WA0248-300x200.jpg 300w, https:\/\/revistaenfoquepolitico.com\/wp-content\/uploads\/2026\/08\/IMG-20260831-WA0248-1024x683.jpg 1024w, https:\/\/revistaenfoquepolitico.com\/wp-content\/uploads\/2026\/08\/IMG-20260831-WA0248-768x512.jpg 768w, https:\/\/revistaenfoquepolitico.com\/wp-content\/uploads\/2026\/08\/IMG-20260831-WA0248-1536x1024.jpg 1536w, https:\/\/revistaenfoquepolitico.com\/wp-content\/uploads\/2026\/08\/IMG-20260831-WA0248-2048x1365.jpg 2048w\" sizes=\"auto, (max-width: 300px) 100vw, 300px\" \/>Durante las actividades, la alcaldesa refrend\u00f3 el compromiso de su administraci\u00f3n con la transformaci\u00f3n educativa y reconoci\u00f3 la vocaci\u00f3n de maestras y maestros y personal administrativo, as\u00ed como el acompa\u00f1amiento de madres y padres de familia, como elementos fundamentales para la formaci\u00f3n integral de las nuevas generaciones.<\/div>\n<div dir=\"auto\" style=\"text-align: justify;\">&#8212;&#8212;&#8212;&#8212;&#8212;&#8212;&#8212;&#8212;&#8212;&#8212;&#8212;&#8212;&#8212;&#8212;&#8212;&#8212;-<\/div>\n<div dir=\"auto\" style=\"text-align: justify;\">A estos actos asistieron autoridades educativas y municipales, docentes y familias, quienes acompa\u00f1aron a las y los alumnos en el inicio del ciclo escolar, mientras que el gobierno municipal reiter\u00f3 su disposici\u00f3n de continuar trabajando de manera coordinada con los gobiernos federal y estatal para fortalecer la educaci\u00f3n y ampliar las oportunidades de desarrollo para los estudiantes que son el presente y el futuro de Veracruz y de M\u00e9xico.<\/div>\n<div id=\"x_ms-outlook-mobile-body-separator-line\" dir=\"auto\" data-applydefaultfontstyles=\"true\">\n<div dir=\"auto\" style=\"text-align: justify;\"><\/div>\n<\/div>\n","protected":false},"excerpt":{"rendered":"<p>31 de agosto de 2026 Bolet\u00edn Informativo *Refrenda Rosa Mar\u00eda compromiso con la educaci\u00f3n, en el regreso a clases de m\u00e1s de 150 mil estudiantes en la ciudad de Veracruz* &#8212;&#8212;&#8212;&#8212;&#8212;&#8212;&#8212;&#8212;&#8212;&#8212;&#8212;&#8212;&#8212;&#8212;&#8212;&#8212;- **Al encabezar el inicio del ciclo escolar 2026-2027 en dos planteles educativos, la presidenta municipal destac\u00f3 el impulso que la presidenta Claudia Sheinbaum y [&hellip;]<\/p>\n","protected":false},"author":1,"featured_media":9289,"comment_status":"closed","ping_status":"closed","sticky":false,"template":"","format":"standard","meta":{"_jetpack_memberships_contains_paid_content":false,"footnotes":"","jetpack_publicize_message":"","jetpack_publicize_feature_enabled":true,"jetpack_social_post_already_shared":true,"jetpack_social_options":{"image_generator_settings":{"template":"highway","default_image_id":0,"font":"","enabled":false},"version":2}},"categories":[4],"tags":[72],"class_list":["post-9288","post","type-post","status-publish","format-standard","has-post-thumbnail","hentry","category-noticia-politica","tag-rosa-maria-presidenta-de-veracruz"],"jetpack_publicize_connections":[],"jetpack_featured_media_url":"https:\/\/revistaenfoquepolitico.com\/wp-content\/uploads\/2026\/08\/IMG-20260831-WA0284-scaled.jpg","jetpack_sharing_enabled":true,"_links":{"self":[{"href":"https:\/\/revistaenfoquepolitico.com\/index.php\/wp-json\/wp\/v2\/posts\/9288","targetHints":{"allow":["GET"]}}],"collection":[{"href":"https:\/\/revistaenfoquepolitico.com\/index.php\/wp-json\/wp\/v2\/posts"}],"about":[{"href":"https:\/\/revistaenfoquepolitico.com\/index.php\/wp-json\/wp\/v2\/types\/post"}],"author":[{"embeddable":true,"href":"https:\/\/revistaenfoquepolitico.com\/index.php\/wp-json\/wp\/v2\/users\/1"}],"replies":[{"embeddable":true,"href":"https:\/\/revistaenfoquepolitico.com\/index.php\/wp-json\/wp\/v2\/comments?post=9288"}],"version-history":[{"count":1,"href":"https:\/\/revistaenfoquepolitico.com\/index.php\/wp-json\/wp\/v2\/posts\/9288\/revisions"}],"predecessor-version":[{"id":9292,"href":"https:\/\/revistaenfoquepolitico.com\/index.php\/wp-json\/wp\/v2\/posts\/9288\/revisions\/9292"}],"wp:featuredmedia":[{"embeddable":true,"href":"https:\/\/revistaenfoquepolitico.com\/index.php\/wp-json\/wp\/v2\/media\/9289"}],"wp:attachment":[{"href":"https:\/\/revistaenfoquepolitico.com\/index.php\/wp-json\/wp\/v2\/media?parent=9288"}],"wp:term":[{"taxonomy":"category","embeddable":true,"href":"https:\/\/revistaenfoquepolitico.com\/index.php\/wp-json\/wp\/v2\/categories?post=9288"},{"taxonomy":"post_tag","embeddable":true,"href":"https:\/\/revistaenfoquepolitico.com\/index.php\/wp-json\/wp\/v2\/tags?post=9288"}],"curies":[{"name":"wp","href":"https:\/\/api.w.org\/{rel}","templated":true}]}}