{"id":9293,"date":"2026-08-31T20:57:47","date_gmt":"2026-09-01T02:57:47","guid":{"rendered":"https:\/\/revistaenfoquepolitico.com\/?p=9293"},"modified":"2026-08-31T20:57:47","modified_gmt":"2026-09-01T02:57:47","slug":"nueva-escuela-de-servicios-turisticos-fortalece-el-desarrollo-del-sector-en-veracruz-rosa-maria","status":"publish","type":"post","link":"https:\/\/revistaenfoquepolitico.com\/index.php\/2026\/08\/31\/nueva-escuela-de-servicios-turisticos-fortalece-el-desarrollo-del-sector-en-veracruz-rosa-maria\/","title":{"rendered":"NUEVA ESCUELA DE SERVICIOS TUR\u00cdSTICOS, FORTALECE EL DESARROLLO DEL SECTOR EN VERACRUZ: ROSA MAR\u00cdA"},"content":{"rendered":"<div dir=\"auto\" data-olk-copy-source=\"MessageBody\">31 de agosto de 2026<\/div>\n<div dir=\"auto\">Bolet\u00edn Informativo<\/div>\n<div dir=\"auto\"><\/div>\n<div dir=\"auto\" style=\"text-align: justify;\">*La alcaldesa de Veracruz reconoci\u00f3 que esta iniciativa de la gobernadora Roc\u00edo Nahle Garc\u00eda contribuir\u00e1 a contar con personal mejor preparado, elevar la calidad de los servicios y generar nuevas oportunidades de empleo y desarrollo econ\u00f3mico*<\/div>\n<div dir=\"auto\" style=\"text-align: justify;\">&#8212;&#8212;&#8212;&#8212;&#8212;&#8212;&#8212;&#8212;&#8212;&#8212;&#8212;&#8212;&#8212;&#8212;&#8212;&#8212;-<\/div>\n<div dir=\"auto\" style=\"text-align: justify;\"><img loading=\"lazy\" decoding=\"async\" class=\"alignleft size-medium wp-image-9297\" src=\"https:\/\/revistaenfoquepolitico.com\/wp-content\/uploads\/2026\/08\/IMG-20260831-WA0423-300x200.jpg\" alt=\"\" width=\"300\" height=\"200\" srcset=\"https:\/\/revistaenfoquepolitico.com\/wp-content\/uploads\/2026\/08\/IMG-20260831-WA0423-300x200.jpg 300w, https:\/\/revistaenfoquepolitico.com\/wp-content\/uploads\/2026\/08\/IMG-20260831-WA0423-1024x682.jpg 1024w, https:\/\/revistaenfoquepolitico.com\/wp-content\/uploads\/2026\/08\/IMG-20260831-WA0423-768x511.jpg 768w, https:\/\/revistaenfoquepolitico.com\/wp-content\/uploads\/2026\/08\/IMG-20260831-WA0423.jpg 1280w\" sizes=\"auto, (max-width: 300px) 100vw, 300px\" \/>La presidenta municipal de Veracruz, Rosa Mar\u00eda Hern\u00e1ndez Espejo, reconoci\u00f3 el impulso de la gobernadora Roc\u00edo Nahle Garc\u00eda para hacer realidad la Escuela Veracruzana de Servicios Tur\u00edsticos, que beneficiar\u00e1 a j\u00f3venes y adultos de la ciudad y municipios de la zona conurbada, adem\u00e1s de fortalecer la vocaci\u00f3n tur\u00edstica y el desarrollo econ\u00f3mico regional.<\/div>\n<div dir=\"auto\" style=\"text-align: justify;\">&#8212;&#8212;&#8212;&#8212;&#8212;&#8212;&#8212;&#8212;&#8212;&#8212;&#8212;&#8212;&#8212;&#8212;&#8212;&#8212;-<\/div>\n<div dir=\"auto\" style=\"text-align: justify;\"><img loading=\"lazy\" decoding=\"async\" class=\"alignright size-medium wp-image-9294\" src=\"https:\/\/revistaenfoquepolitico.com\/wp-content\/uploads\/2026\/08\/IMG-20260831-WA0420-300x200.jpg\" alt=\"\" width=\"300\" height=\"200\" srcset=\"https:\/\/revistaenfoquepolitico.com\/wp-content\/uploads\/2026\/08\/IMG-20260831-WA0420-300x200.jpg 300w, https:\/\/revistaenfoquepolitico.com\/wp-content\/uploads\/2026\/08\/IMG-20260831-WA0420-1024x682.jpg 1024w, https:\/\/revistaenfoquepolitico.com\/wp-content\/uploads\/2026\/08\/IMG-20260831-WA0420-768x512.jpg 768w, https:\/\/revistaenfoquepolitico.com\/wp-content\/uploads\/2026\/08\/IMG-20260831-WA0420.jpg 1280w\" sizes=\"auto, (max-width: 300px) 100vw, 300px\" \/>Luego de asistir a la ceremonia inaugural del primer ciclo, que encabez\u00f3 la mandataria estatal, la alcaldesa celebr\u00f3 la creaci\u00f3n de este espacio de formaci\u00f3n gratuita, que permitir\u00e1 a m\u00e1s personas adquirir conocimientos especializados y contar con mejores herramientas para incorporarse a una actividad que representa una importante fuente de empleo y desarrollo econ\u00f3mico.<\/div>\n<div dir=\"auto\" style=\"text-align: justify;\">&#8212;&#8212;&#8212;&#8212;&#8212;&#8212;&#8212;&#8212;&#8212;&#8212;&#8212;&#8212;&#8212;&#8212;&#8212;&#8212;-<\/div>\n<div dir=\"auto\" style=\"text-align: justify;\"><img loading=\"lazy\" decoding=\"async\" class=\"alignleft size-medium wp-image-9297\" src=\"https:\/\/revistaenfoquepolitico.com\/wp-content\/uploads\/2026\/08\/IMG-20260831-WA0423-300x200.jpg\" alt=\"\" width=\"300\" height=\"200\" srcset=\"https:\/\/revistaenfoquepolitico.com\/wp-content\/uploads\/2026\/08\/IMG-20260831-WA0423-300x200.jpg 300w, https:\/\/revistaenfoquepolitico.com\/wp-content\/uploads\/2026\/08\/IMG-20260831-WA0423-1024x682.jpg 1024w, https:\/\/revistaenfoquepolitico.com\/wp-content\/uploads\/2026\/08\/IMG-20260831-WA0423-768x511.jpg 768w, https:\/\/revistaenfoquepolitico.com\/wp-content\/uploads\/2026\/08\/IMG-20260831-WA0423.jpg 1280w\" sizes=\"auto, (max-width: 300px) 100vw, 300px\" \/>La primera generaci\u00f3n estar\u00e1 integrada por 128 estudiantes, quienes durante seis cuatrimestres recibir\u00e1n formaci\u00f3n en gastronom\u00eda, hospedaje, idiomas, tecnolog\u00eda tur\u00edstica y organizaci\u00f3n de eventos, adem\u00e1s de realizar pr\u00e1cticas profesionales que les permitir\u00e1n adquirir experiencia directamente vinculada con las necesidades del mercado laboral.<\/div>\n<div dir=\"auto\" style=\"text-align: justify;\">&#8212;&#8212;&#8212;&#8212;&#8212;&#8212;&#8212;&#8212;&#8212;&#8212;&#8212;&#8212;&#8212;&#8212;&#8212;&#8212;-<\/div>\n<div dir=\"auto\" style=\"text-align: justify;\">A la ceremonia asistieron tambi\u00e9n el secretario de Turismo, Igor Roj\u00ed L\u00f3pez; la secretaria de Educaci\u00f3n, Raquel Bonilla Herrera; la alcaldesa de Boca del R\u00edo, Mar\u00eda Josefina Gamboa Torales; la diputada local y presidenta de la Comisi\u00f3n de Turismo, Nayeli Mendoza Camarillo; la diputada local, Berta Ahued Malpica; el director de la Escuela Veracruzana de Servicios Tur\u00edsticos, Ram\u00f3n Mart\u00ednez Gasca, as\u00ed como personal docente, alumnos y representantes del sector.<\/div>\n<div id=\"x_ms-outlook-mobile-body-separator-line\" dir=\"auto\" data-applydefaultfontstyles=\"true\">\n<div dir=\"auto\" style=\"text-align: justify;\"><\/div>\n<\/div>\n","protected":false},"excerpt":{"rendered":"<p>31 de agosto de 2026 Bolet\u00edn Informativo *La alcaldesa de Veracruz reconoci\u00f3 que esta iniciativa de la gobernadora Roc\u00edo Nahle Garc\u00eda contribuir\u00e1 a contar con personal mejor preparado, elevar la calidad de los servicios y generar nuevas oportunidades de empleo y desarrollo econ\u00f3mico* &#8212;&#8212;&#8212;&#8212;&#8212;&#8212;&#8212;&#8212;&#8212;&#8212;&#8212;&#8212;&#8212;&#8212;&#8212;&#8212;- La presidenta municipal de Veracruz, Rosa Mar\u00eda Hern\u00e1ndez Espejo, reconoci\u00f3 el [&hellip;]<\/p>\n","protected":false},"author":1,"featured_media":9296,"comment_status":"closed","ping_status":"closed","sticky":false,"template":"","format":"standard","meta":{"_jetpack_memberships_contains_paid_content":false,"footnotes":"","jetpack_publicize_message":"","jetpack_publicize_feature_enabled":true,"jetpack_social_post_already_shared":true,"jetpack_social_options":{"image_generator_settings":{"template":"highway","default_image_id":0,"font":"","enabled":false},"version":2}},"categories":[4],"tags":[72],"class_list":["post-9293","post","type-post","status-publish","format-standard","has-post-thumbnail","hentry","category-noticia-politica","tag-rosa-maria-presidenta-de-veracruz"],"jetpack_publicize_connections":[],"jetpack_featured_media_url":"https:\/\/revistaenfoquepolitico.com\/wp-content\/uploads\/2026\/08\/IMG-20260831-WA0421.jpg","jetpack_sharing_enabled":true,"_links":{"self":[{"href":"https:\/\/revistaenfoquepolitico.com\/index.php\/wp-json\/wp\/v2\/posts\/9293","targetHints":{"allow":["GET"]}}],"collection":[{"href":"https:\/\/revistaenfoquepolitico.com\/index.php\/wp-json\/wp\/v2\/posts"}],"about":[{"href":"https:\/\/revistaenfoquepolitico.com\/index.php\/wp-json\/wp\/v2\/types\/post"}],"author":[{"embeddable":true,"href":"https:\/\/revistaenfoquepolitico.com\/index.php\/wp-json\/wp\/v2\/users\/1"}],"replies":[{"embeddable":true,"href":"https:\/\/revistaenfoquepolitico.com\/index.php\/wp-json\/wp\/v2\/comments?post=9293"}],"version-history":[{"count":1,"href":"https:\/\/revistaenfoquepolitico.com\/index.php\/wp-json\/wp\/v2\/posts\/9293\/revisions"}],"predecessor-version":[{"id":9298,"href":"https:\/\/revistaenfoquepolitico.com\/index.php\/wp-json\/wp\/v2\/posts\/9293\/revisions\/9298"}],"wp:featuredmedia":[{"embeddable":true,"href":"https:\/\/revistaenfoquepolitico.com\/index.php\/wp-json\/wp\/v2\/media\/9296"}],"wp:attachment":[{"href":"https:\/\/revistaenfoquepolitico.com\/index.php\/wp-json\/wp\/v2\/media?parent=9293"}],"wp:term":[{"taxonomy":"category","embeddable":true,"href":"https:\/\/revistaenfoquepolitico.com\/index.php\/wp-json\/wp\/v2\/categories?post=9293"},{"taxonomy":"post_tag","embeddable":true,"href":"https:\/\/revistaenfoquepolitico.com\/index.php\/wp-json\/wp\/v2\/tags?post=9293"}],"curies":[{"name":"wp","href":"https:\/\/api.w.org\/{rel}","templated":true}]}}