{"id":9299,"date":"2026-08-31T23:14:16","date_gmt":"2026-09-01T05:14:16","guid":{"rendered":"https:\/\/revistaenfoquepolitico.com\/?p=9299"},"modified":"2026-08-31T23:14:16","modified_gmt":"2026-09-01T05:14:16","slug":"ciudad-de-veracruz-refrenda-vocacion-turistica","status":"publish","type":"post","link":"https:\/\/revistaenfoquepolitico.com\/index.php\/2026\/08\/31\/ciudad-de-veracruz-refrenda-vocacion-turistica\/","title":{"rendered":"CIUDAD DE VERACRUZ REFRENDA VOCACI\u00d3N TUR\u00cdSTICA"},"content":{"rendered":"<div dir=\"auto\" data-olk-copy-source=\"MessageBody\">31 de agosto de 2026<\/div>\n<div dir=\"auto\">Bolet\u00edn Informativo<\/div>\n<div dir=\"auto\"><\/div>\n<div dir=\"auto\"><strong>*Ciudad de Veracruz refrenda vocaci\u00f3n tur\u00edstica durante la temporada vacacional de verano*<\/strong><\/div>\n<div dir=\"auto\">&#8212;&#8212;&#8212;&#8212;&#8212;&#8212;&#8212;&#8212;&#8212;&#8212;&#8212;&#8212;&#8212;&#8212;&#8212;&#8212;&#8211;<\/div>\n<div dir=\"auto\" style=\"text-align: justify;\">***La alcaldesa Rosa Mar\u00eda Hern\u00e1ndez Espejo destac\u00f3 el \u00e9xito de la \u201cOperaci\u00f3n Salvavidas Verano 2026\u201d y la coordinaci\u00f3n entre los tres \u00f3rdenes de gobierno.<\/div>\n<div dir=\"auto\" style=\"text-align: justify;\">&#8212;&#8212;&#8212;&#8212;&#8212;&#8212;&#8212;&#8212;&#8212;&#8212;&#8212;&#8212;&#8212;&#8212;&#8212;&#8212;<\/div>\n<div dir=\"auto\" style=\"text-align: justify;\"><img loading=\"lazy\" decoding=\"async\" class=\"alignleft size-medium wp-image-9300\" src=\"https:\/\/revistaenfoquepolitico.com\/wp-content\/uploads\/2026\/08\/IMG-20260831-WA0541-300x200.jpg\" alt=\"\" width=\"300\" height=\"200\" srcset=\"https:\/\/revistaenfoquepolitico.com\/wp-content\/uploads\/2026\/08\/IMG-20260831-WA0541-300x200.jpg 300w, https:\/\/revistaenfoquepolitico.com\/wp-content\/uploads\/2026\/08\/IMG-20260831-WA0541-1024x682.jpg 1024w, https:\/\/revistaenfoquepolitico.com\/wp-content\/uploads\/2026\/08\/IMG-20260831-WA0541-768x512.jpg 768w, https:\/\/revistaenfoquepolitico.com\/wp-content\/uploads\/2026\/08\/IMG-20260831-WA0541-1536x1024.jpg 1536w, https:\/\/revistaenfoquepolitico.com\/wp-content\/uploads\/2026\/08\/IMG-20260831-WA0541-2048x1365.jpg 2048w\" sizes=\"auto, (max-width: 300px) 100vw, 300px\" \/>La ciudad de Veracruz refrend\u00f3 su vocaci\u00f3n tur\u00edstica durante la temporada vacacional de verano, al consolidarse como uno de los destinos preferidos del estado por visitantes y familias, respaldada por las acciones de prevenci\u00f3n y seguridad implementadas por el Ayuntamiento, que permitieron concluir los periodos de vigilancia en playas y sitios tur\u00edsticos con saldo blanco.<\/div>\n<div dir=\"auto\" style=\"text-align: justify;\">&#8212;&#8212;&#8212;&#8212;&#8212;&#8212;&#8212;&#8212;&#8212;&#8212;&#8212;&#8212;&#8212;&#8212;&#8212;&#8212;<\/div>\n<div dir=\"auto\" style=\"text-align: justify;\"><img loading=\"lazy\" decoding=\"async\" class=\"alignright size-medium wp-image-9302\" src=\"https:\/\/revistaenfoquepolitico.com\/wp-content\/uploads\/2026\/08\/IMG-20260831-WA0547-300x200.jpg\" alt=\"\" width=\"300\" height=\"200\" srcset=\"https:\/\/revistaenfoquepolitico.com\/wp-content\/uploads\/2026\/08\/IMG-20260831-WA0547-300x200.jpg 300w, https:\/\/revistaenfoquepolitico.com\/wp-content\/uploads\/2026\/08\/IMG-20260831-WA0547-1024x683.jpg 1024w, https:\/\/revistaenfoquepolitico.com\/wp-content\/uploads\/2026\/08\/IMG-20260831-WA0547-768x512.jpg 768w, https:\/\/revistaenfoquepolitico.com\/wp-content\/uploads\/2026\/08\/IMG-20260831-WA0547-1536x1024.jpg 1536w, https:\/\/revistaenfoquepolitico.com\/wp-content\/uploads\/2026\/08\/IMG-20260831-WA0547-2048x1366.jpg 2048w\" sizes=\"auto, (max-width: 300px) 100vw, 300px\" \/>Durante estas vacaciones, el Ayuntamiento despleg\u00f3 405 elementos de Protecci\u00f3n Civil, Bomberos, Guardavidas, param\u00e9dicos, Tr\u00e1nsito y Vialidad, Polic\u00eda Municipal, Turismo, DIF Municipal, Comercio y Gobernaci\u00f3n, adem\u00e1s de contar con instituciones federales, estatales y organismos de auxilio para fortalecer la atenci\u00f3n a la poblaci\u00f3n y visitantes.<\/div>\n<div dir=\"auto\" style=\"text-align: justify;\">&#8212;&#8212;&#8212;&#8212;&#8212;&#8212;&#8212;&#8212;&#8212;&#8212;&#8212;&#8212;&#8212;&#8212;&#8212;&#8212;-<\/div>\n<div dir=\"auto\" style=\"text-align: justify;\">En la \u201cOperaci\u00f3n Salvavidas Verano 2026\u201d participaron la Secretar\u00eda de Marina, Primera Regi\u00f3n Naval, Capitan\u00eda Regional de Puerto, Secretar\u00eda de Protecci\u00f3n Civil del Estado, Cruz Roja y diversas corporaciones de seguridad, rescate y atenci\u00f3n, cuya coordinaci\u00f3n permiti\u00f3 reforzar la vigilancia y respuesta ante cualquier eventualidad.<\/div>\n<div dir=\"auto\" style=\"text-align: justify;\">&#8212;&#8212;&#8212;&#8212;&#8212;&#8212;&#8212;&#8212;&#8212;&#8212;&#8212;&#8212;&#8212;&#8212;&#8212;&#8212;<\/div>\n<div dir=\"auto\" style=\"text-align: justify;\"><img loading=\"lazy\" decoding=\"async\" class=\"alignleft size-medium wp-image-9304\" src=\"https:\/\/revistaenfoquepolitico.com\/wp-content\/uploads\/2026\/08\/IMG-20260831-WA0545-300x203.jpg\" alt=\"\" width=\"300\" height=\"203\" srcset=\"https:\/\/revistaenfoquepolitico.com\/wp-content\/uploads\/2026\/08\/IMG-20260831-WA0545-300x203.jpg 300w, https:\/\/revistaenfoquepolitico.com\/wp-content\/uploads\/2026\/08\/IMG-20260831-WA0545-1024x692.jpg 1024w, https:\/\/revistaenfoquepolitico.com\/wp-content\/uploads\/2026\/08\/IMG-20260831-WA0545-768x519.jpg 768w, https:\/\/revistaenfoquepolitico.com\/wp-content\/uploads\/2026\/08\/IMG-20260831-WA0545-1536x1038.jpg 1536w, https:\/\/revistaenfoquepolitico.com\/wp-content\/uploads\/2026\/08\/IMG-20260831-WA0545-2048x1383.jpg 2048w\" sizes=\"auto, (max-width: 300px) 100vw, 300px\" \/>Durante estas semanas, con el programa \u201cUn Verano en la Heroica Veracruz\u201d los espacios recreativos y tur\u00edsticos registraron una presencia constante de familias locales y visitantes. Asimismo, la Direcci\u00f3n de Protecci\u00f3n Civil Municipal informa que las playas retoman su horario de 10:00 a 18:00 horas, con guardavidas para seguridad de la poblaci\u00f3n.<\/div>\n<div dir=\"auto\" style=\"text-align: justify;\">&#8212;&#8212;&#8212;&#8212;&#8212;&#8212;&#8212;&#8212;&#8212;&#8212;&#8212;&#8212;&#8212;&#8212;&#8212;&#8212;-<\/div>\n<div dir=\"auto\" style=\"text-align: justify;\">Adem\u00e1s, a trav\u00e9s de la direcci\u00f3n de Limpia P\u00fablica se implementaron acciones estrat\u00e9gicas de recolecci\u00f3n de residuos s\u00f3lidos para mantener limpias las vialidades y \u00e1reas de atracci\u00f3n, con estas acciones el gobierno municipal refrenda su compromiso de brindar una ciudad limpia y ordenada para que disfruten los veracruzanos y visitantes.<\/div>\n<div id=\"x_ms-outlook-mobile-body-separator-line\" dir=\"auto\" data-applydefaultfontstyles=\"true\">\n<div dir=\"auto\" style=\"text-align: justify;\"><\/div>\n<\/div>\n","protected":false},"excerpt":{"rendered":"<p>31 de agosto de 2026 Bolet\u00edn Informativo *Ciudad de Veracruz refrenda vocaci\u00f3n tur\u00edstica durante la temporada vacacional de verano* &#8212;&#8212;&#8212;&#8212;&#8212;&#8212;&#8212;&#8212;&#8212;&#8212;&#8212;&#8212;&#8212;&#8212;&#8212;&#8212;&#8211; ***La alcaldesa Rosa Mar\u00eda Hern\u00e1ndez Espejo destac\u00f3 el \u00e9xito de la \u201cOperaci\u00f3n Salvavidas Verano 2026\u201d y la coordinaci\u00f3n entre los tres \u00f3rdenes de gobierno. &#8212;&#8212;&#8212;&#8212;&#8212;&#8212;&#8212;&#8212;&#8212;&#8212;&#8212;&#8212;&#8212;&#8212;&#8212;&#8212; La ciudad de Veracruz refrend\u00f3 su vocaci\u00f3n tur\u00edstica durante la [&hellip;]<\/p>\n","protected":false},"author":1,"featured_media":9301,"comment_status":"closed","ping_status":"closed","sticky":false,"template":"","format":"standard","meta":{"_jetpack_memberships_contains_paid_content":false,"footnotes":"","jetpack_publicize_message":"","jetpack_publicize_feature_enabled":true,"jetpack_social_post_already_shared":true,"jetpack_social_options":{"image_generator_settings":{"template":"highway","default_image_id":0,"font":"","enabled":false},"version":2}},"categories":[4],"tags":[72],"class_list":["post-9299","post","type-post","status-publish","format-standard","has-post-thumbnail","hentry","category-noticia-politica","tag-rosa-maria-presidenta-de-veracruz"],"jetpack_publicize_connections":[],"jetpack_featured_media_url":"https:\/\/revistaenfoquepolitico.com\/wp-content\/uploads\/2026\/08\/IMG-20260831-WA0543-scaled.jpg","jetpack_sharing_enabled":true,"_links":{"self":[{"href":"https:\/\/revistaenfoquepolitico.com\/index.php\/wp-json\/wp\/v2\/posts\/9299","targetHints":{"allow":["GET"]}}],"collection":[{"href":"https:\/\/revistaenfoquepolitico.com\/index.php\/wp-json\/wp\/v2\/posts"}],"about":[{"href":"https:\/\/revistaenfoquepolitico.com\/index.php\/wp-json\/wp\/v2\/types\/post"}],"author":[{"embeddable":true,"href":"https:\/\/revistaenfoquepolitico.com\/index.php\/wp-json\/wp\/v2\/users\/1"}],"replies":[{"embeddable":true,"href":"https:\/\/revistaenfoquepolitico.com\/index.php\/wp-json\/wp\/v2\/comments?post=9299"}],"version-history":[{"count":1,"href":"https:\/\/revistaenfoquepolitico.com\/index.php\/wp-json\/wp\/v2\/posts\/9299\/revisions"}],"predecessor-version":[{"id":9305,"href":"https:\/\/revistaenfoquepolitico.com\/index.php\/wp-json\/wp\/v2\/posts\/9299\/revisions\/9305"}],"wp:featuredmedia":[{"embeddable":true,"href":"https:\/\/revistaenfoquepolitico.com\/index.php\/wp-json\/wp\/v2\/media\/9301"}],"wp:attachment":[{"href":"https:\/\/revistaenfoquepolitico.com\/index.php\/wp-json\/wp\/v2\/media?parent=9299"}],"wp:term":[{"taxonomy":"category","embeddable":true,"href":"https:\/\/revistaenfoquepolitico.com\/index.php\/wp-json\/wp\/v2\/categories?post=9299"},{"taxonomy":"post_tag","embeddable":true,"href":"https:\/\/revistaenfoquepolitico.com\/index.php\/wp-json\/wp\/v2\/tags?post=9299"}],"curies":[{"name":"wp","href":"https:\/\/api.w.org\/{rel}","templated":true}]}}