{"id":9306,"date":"2026-08-31T23:23:50","date_gmt":"2026-09-01T05:23:50","guid":{"rendered":"https:\/\/revistaenfoquepolitico.com\/?p=9306"},"modified":"2026-08-31T23:23:50","modified_gmt":"2026-09-01T05:23:50","slug":"entrega-de-valeras-del-programa-alimenticio","status":"publish","type":"post","link":"https:\/\/revistaenfoquepolitico.com\/index.php\/2026\/08\/31\/entrega-de-valeras-del-programa-alimenticio\/","title":{"rendered":"ENTREGA DE VALERAS DEL PROGRAMA ALIMENTICIO"},"content":{"rendered":"<div dir=\"auto\" data-olk-copy-source=\"MessageBody\">\n<div style=\"width: 576px;\" class=\"wp-video\"><video class=\"wp-video-shortcode\" id=\"video-9306-1\" width=\"576\" height=\"1024\" preload=\"metadata\" controls=\"controls\"><source type=\"video\/mp4\" src=\"https:\/\/revistaenfoquepolitico.com\/wp-content\/uploads\/2026\/08\/VID-20260831-WA0560.mp4?_=1\" \/><a href=\"https:\/\/revistaenfoquepolitico.com\/wp-content\/uploads\/2026\/08\/VID-20260831-WA0560.mp4\">https:\/\/revistaenfoquepolitico.com\/wp-content\/uploads\/2026\/08\/VID-20260831-WA0560.mp4<\/a><\/video><\/div>\n<\/div>\n<div dir=\"auto\" data-olk-copy-source=\"MessageBody\"><\/div>\n<div dir=\"auto\" style=\"text-align: justify;\" data-olk-copy-source=\"MessageBody\">A partir de este martes 1 de septiembre, el gobierno municipal encabezado por la alcaldesa Rosa Mar\u00eda Hern\u00e1ndez Espejo iniciar\u00e1 la entrega de valeras del Programa Alimenticio de Jefas y Jefes de Familia.<\/div>\n<div dir=\"auto\" style=\"text-align: justify;\">&#8212;&#8212;&#8212;&#8212;&#8212;&#8212;&#8212;&#8212;&#8212;&#8212;&#8212;&#8212;&#8212;&#8212;&#8212;&#8212;-<\/div>\n<div dir=\"auto\" style=\"text-align: justify;\">Esta segunda dispersi\u00f3n, a cargo del director de Bienestar Municipal, Manuel Rogel Sol\u00eds, contempla incorporar al padr\u00f3n a cinco mil nuevas familias que recibir\u00e1n por primera vez este apoyo.<\/div>\n<div id=\"x_ms-outlook-mobile-body-separator-line\" dir=\"auto\" data-applydefaultfontstyles=\"true\">\n<div dir=\"auto\" style=\"text-align: justify;\">&#8212;&#8212;&#8212;&#8212;&#8212;&#8212;&#8212;&#8212;&#8212;&#8212;&#8212;&#8212;&#8212;&#8212;&#8212;&#8212;&#8211;<\/div>\n<div dir=\"auto\"><\/div>\n<\/div>\n","protected":false},"excerpt":{"rendered":"<p>A partir de este martes 1 de septiembre, el gobierno municipal encabezado por la alcaldesa Rosa Mar\u00eda Hern\u00e1ndez Espejo iniciar\u00e1 la entrega de valeras del Programa Alimenticio de Jefas y Jefes de Familia. &#8212;&#8212;&#8212;&#8212;&#8212;&#8212;&#8212;&#8212;&#8212;&#8212;&#8212;&#8212;&#8212;&#8212;&#8212;&#8212;- Esta segunda dispersi\u00f3n, a cargo del director de Bienestar Municipal, Manuel Rogel Sol\u00eds, contempla incorporar al padr\u00f3n a cinco mil nuevas [&hellip;]<\/p>\n","protected":false},"author":1,"featured_media":0,"comment_status":"closed","ping_status":"closed","sticky":false,"template":"","format":"standard","meta":{"_jetpack_memberships_contains_paid_content":false,"footnotes":"","jetpack_publicize_message":"","jetpack_publicize_feature_enabled":true,"jetpack_social_post_already_shared":true,"jetpack_social_options":{"image_generator_settings":{"template":"highway","default_image_id":0,"font":"","enabled":false},"version":2}},"categories":[4],"tags":[72],"class_list":["post-9306","post","type-post","status-publish","format-standard","hentry","category-noticia-politica","tag-rosa-maria-presidenta-de-veracruz"],"jetpack_publicize_connections":[],"jetpack_featured_media_url":"","jetpack_sharing_enabled":true,"_links":{"self":[{"href":"https:\/\/revistaenfoquepolitico.com\/index.php\/wp-json\/wp\/v2\/posts\/9306","targetHints":{"allow":["GET"]}}],"collection":[{"href":"https:\/\/revistaenfoquepolitico.com\/index.php\/wp-json\/wp\/v2\/posts"}],"about":[{"href":"https:\/\/revistaenfoquepolitico.com\/index.php\/wp-json\/wp\/v2\/types\/post"}],"author":[{"embeddable":true,"href":"https:\/\/revistaenfoquepolitico.com\/index.php\/wp-json\/wp\/v2\/users\/1"}],"replies":[{"embeddable":true,"href":"https:\/\/revistaenfoquepolitico.com\/index.php\/wp-json\/wp\/v2\/comments?post=9306"}],"version-history":[{"count":1,"href":"https:\/\/revistaenfoquepolitico.com\/index.php\/wp-json\/wp\/v2\/posts\/9306\/revisions"}],"predecessor-version":[{"id":9308,"href":"https:\/\/revistaenfoquepolitico.com\/index.php\/wp-json\/wp\/v2\/posts\/9306\/revisions\/9308"}],"wp:attachment":[{"href":"https:\/\/revistaenfoquepolitico.com\/index.php\/wp-json\/wp\/v2\/media?parent=9306"}],"wp:term":[{"taxonomy":"category","embeddable":true,"href":"https:\/\/revistaenfoquepolitico.com\/index.php\/wp-json\/wp\/v2\/categories?post=9306"},{"taxonomy":"post_tag","embeddable":true,"href":"https:\/\/revistaenfoquepolitico.com\/index.php\/wp-json\/wp\/v2\/tags?post=9306"}],"curies":[{"name":"wp","href":"https:\/\/api.w.org\/{rel}","templated":true}]}}