{"id":932,"date":"2024-05-04T03:16:58","date_gmt":"2024-05-04T03:16:58","guid":{"rendered":"https:\/\/revistaenfoquepolitico.com\/?p=932"},"modified":"2024-05-04T03:16:58","modified_gmt":"2024-05-04T03:16:58","slug":"advierte-imss-en-veracru-norte-sobre-gota-enfermedad-reumatica","status":"publish","type":"post","link":"https:\/\/revistaenfoquepolitico.com\/index.php\/2024\/05\/04\/advierte-imss-en-veracru-norte-sobre-gota-enfermedad-reumatica\/","title":{"rendered":"ADVIERTE IMSS EN VERACRU NORTE SOBRE GOTA, ENFERMEDAD REUM\u00c1TICA"},"content":{"rendered":"<p><strong>ADVIERTE IMSS EN VERACRUZ NORTE SOBRE GOTA, ENFERMEDAD REUM\u00c1TICA<\/strong><\/p>\n<p>&nbsp;<\/p>\n<p>Xalapa, Veracruz 3 de mayo de 2024<\/p>\n<p>No. 1763\/2024<\/p>\n<p>BOLET\u00cdN DE PRENSA<\/p>\n<p style=\"text-align: justify;\">El Instituto Mexicano del Seguro Social (IMSS) en Veracruz Norte advierte sobre el mal de gota o enfermedad reum\u00e1tica, que se produce por la formaci\u00f3n de cristales de \u00e1cido \u00farico en las articulaciones y partes blandas.<\/p>\n<p style=\"text-align: justify;\">\n<p style=\"text-align: justify;\">\u201cLa presencia alta de \u00e1cido \u00farico puede ser por una mayor producci\u00f3n de \u00e1cido o una incorrecta funci\u00f3n de ri\u00f1ones para poder deshacernos de \u00e9ste. El mal funcionamiento de los ri\u00f1ones se puede deber a enfermades, medicamentos, factores gen\u00e9ticos, as\u00ed como dietas poco saludables \u201c, coment\u00f3 la reumat\u00f3loga adscrita al Hospital General de Zona (HGZ) No. 11, doctora Rosa Rebeca Vargas Ram\u00f3n.<\/p>\n<p style=\"text-align: justify;\">\n<p style=\"text-align: justify;\"><img loading=\"lazy\" decoding=\"async\" class=\"alignleft size-medium wp-image-933\" src=\"https:\/\/revistaenfoquepolitico.com\/wp-content\/uploads\/2024\/05\/IMSS-PIE-300x190.jpg\" alt=\"\" width=\"300\" height=\"190\" \/>La enfermedad denominada gota, presenta dolor e hinchaz\u00f3n intensa, afecta las articulaciones al igual que tendones y tejidos que rodean las articulaciones. Los s\u00edntomas que se pueden presentar son: dolor articular intenso, inflamaci\u00f3n, enrojecimiento y movilidad limitada.<\/p>\n<p style=\"text-align: justify;\">\n<p style=\"text-align: justify;\">La presencia de la gota se detecta de manera m\u00e1s f\u00e1cil en articulaciones alejadas del tronco debido a que hay menor temperatura, lo que favorece la cristalizaci\u00f3n. Cuando el dep\u00f3sito donde se acumula gran cantidad de l\u00edquido toma un gran tama\u00f1o, da lugar a una formaci\u00f3n conocida como \u201ctofos\u201d, los cuales son tumoraciones blandas y m\u00f3viles que aparecen en superficies de flexi\u00f3n.<\/p>\n<p style=\"text-align: justify;\">\n<p style=\"text-align: justify;\">\u201cLa gota es una enfermedad curable. Es necesario reducir los niveles de \u00e1cido \u00farico en la sangre para que los cristales se disuelvan; al disminuir los s\u00edntomas desaparecen y se evita que se produzcan da\u00f1os irreparables en las articulaciones por el da\u00f1o a largo plazo\u201d, afirm\u00f3 la especialista.<\/p>\n<p style=\"text-align: justify;\">\n<p style=\"text-align: justify;\">Si se detecta un dolor intenso y repentino en articulaciones, se debe de acudir con su m\u00e9dico familiar para un mejor diagn\u00f3stico y, en caso de ser requerido, poder ser enviado con el especialista.<\/p>\n","protected":false},"excerpt":{"rendered":"<p>ADVIERTE IMSS EN VERACRUZ NORTE SOBRE GOTA, ENFERMEDAD REUM\u00c1TICA &nbsp; Xalapa, Veracruz 3 de mayo de 2024 No. 1763\/2024 BOLET\u00cdN DE PRENSA El Instituto Mexicano del Seguro Social (IMSS) en Veracruz Norte advierte sobre el mal de gota o enfermedad reum\u00e1tica, que se produce por la formaci\u00f3n de cristales de \u00e1cido \u00farico en las articulaciones [&hellip;]<\/p>\n","protected":false},"author":1,"featured_media":0,"comment_status":"closed","ping_status":"closed","sticky":false,"template":"","format":"standard","meta":{"_jetpack_memberships_contains_paid_content":false,"footnotes":"","jetpack_publicize_message":"","jetpack_publicize_feature_enabled":true,"jetpack_social_post_already_shared":false,"jetpack_social_options":{"image_generator_settings":{"template":"highway","default_image_id":0,"font":"","enabled":false},"version":2}},"categories":[4],"tags":[27],"class_list":["post-932","post","type-post","status-publish","format-standard","hentry","category-noticia-politica","tag-imss-veracruz-norte"],"jetpack_publicize_connections":[],"jetpack_featured_media_url":"","jetpack_sharing_enabled":true,"_links":{"self":[{"href":"https:\/\/revistaenfoquepolitico.com\/index.php\/wp-json\/wp\/v2\/posts\/932","targetHints":{"allow":["GET"]}}],"collection":[{"href":"https:\/\/revistaenfoquepolitico.com\/index.php\/wp-json\/wp\/v2\/posts"}],"about":[{"href":"https:\/\/revistaenfoquepolitico.com\/index.php\/wp-json\/wp\/v2\/types\/post"}],"author":[{"embeddable":true,"href":"https:\/\/revistaenfoquepolitico.com\/index.php\/wp-json\/wp\/v2\/users\/1"}],"replies":[{"embeddable":true,"href":"https:\/\/revistaenfoquepolitico.com\/index.php\/wp-json\/wp\/v2\/comments?post=932"}],"version-history":[{"count":1,"href":"https:\/\/revistaenfoquepolitico.com\/index.php\/wp-json\/wp\/v2\/posts\/932\/revisions"}],"predecessor-version":[{"id":934,"href":"https:\/\/revistaenfoquepolitico.com\/index.php\/wp-json\/wp\/v2\/posts\/932\/revisions\/934"}],"wp:attachment":[{"href":"https:\/\/revistaenfoquepolitico.com\/index.php\/wp-json\/wp\/v2\/media?parent=932"}],"wp:term":[{"taxonomy":"category","embeddable":true,"href":"https:\/\/revistaenfoquepolitico.com\/index.php\/wp-json\/wp\/v2\/categories?post=932"},{"taxonomy":"post_tag","embeddable":true,"href":"https:\/\/revistaenfoquepolitico.com\/index.php\/wp-json\/wp\/v2\/tags?post=932"}],"curies":[{"name":"wp","href":"https:\/\/api.w.org\/{rel}","templated":true}]}}