{"id":9321,"date":"2026-09-01T17:08:31","date_gmt":"2026-09-01T23:08:31","guid":{"rendered":"https:\/\/revistaenfoquepolitico.com\/?p=9321"},"modified":"2026-09-01T17:08:31","modified_gmt":"2026-09-01T23:08:31","slug":"el-repudio-a-los-de-morena-en-coatepec-fue-una-reaccion-espontanea","status":"publish","type":"post","link":"https:\/\/revistaenfoquepolitico.com\/index.php\/2026\/09\/01\/el-repudio-a-los-de-morena-en-coatepec-fue-una-reaccion-espontanea\/","title":{"rendered":"EL REPUDIO A LOS DE MORENA EN COATEPEC, FUE UNA REACCI\u00d3N ESPONTANEA"},"content":{"rendered":"<div dir=\"auto\" data-olk-copy-source=\"MessageBody\">M\u00e1s claro\u2026<\/div>\n<div dir=\"auto\">Por Felipe Mendiola Parra<\/div>\n<div dir=\"auto\" aria-hidden=\"true\"><\/div>\n<div dir=\"auto\">EL REPUDIO A LOS DE MORENA EN COATEPEC, FUE UNA REACCION ESPONTANEA<\/div>\n<div dir=\"auto\" aria-hidden=\"true\">&#8212;&#8212;&#8212;&#8212;&#8212;&#8212;&#8212;&#8212;&#8212;&#8212;&#8212;&#8212;&#8212;&#8212;&#8212;&#8212;-<\/div>\n<div dir=\"auto\" style=\"text-align: justify;\">Parec\u00eda una escena de las pel\u00edculas de los a\u00f1os 60 del cine mexicano, el repudio y los gritos \u201cFuera Morena\u201d, provocaron el asombro de los comensales que estaban en el restaurante de comida espa\u00f1ola de Coatepec, pero no, nadie estaba actuando, todo era real. Fue una reacci\u00f3n espontanea nadie la mand\u00f3 a hacer.<\/div>\n<div dir=\"auto\" style=\"text-align: justify;\">&#8212;&#8212;&#8212;&#8212;&#8212;&#8212;&#8212;&#8212;&#8212;&#8212;&#8212;&#8212;&#8212;&#8212;&#8212;&#8212;<\/div>\n<div dir=\"auto\" style=\"text-align: justify;\">El malestar abierto de los grupos, la rechifla en contra de los promotores del voto que tratan de entregar un periodiquito, que se presentan con su uniforme o al menos un chaleco con el color guinda, ha provocado fuertes reacciones en distintas partes del pa\u00eds y Veracruz no ha sido la excepci\u00f3n.<\/div>\n<div dir=\"auto\" style=\"text-align: justify;\">&#8212;&#8212;&#8212;&#8212;&#8212;&#8212;&#8212;&#8212;&#8212;&#8212;&#8212;&#8212;&#8212;&#8212;&#8212;&#8212;-<\/div>\n<div dir=\"auto\" style=\"text-align: justify;\">Ese tipo de reacciones es muy significativo para las elecciones que se llevar\u00e1n a cabo en el mes de junio del pr\u00f3ximo a\u00f1o y que, desde ahora, sintiendo que no las tienen a su favor tratan de atraer m\u00e1s simpatizantes, pero al parecer la estrategia no ha sido la adecuada.<\/div>\n<div dir=\"auto\" style=\"text-align: justify;\">&#8212;&#8212;&#8212;&#8212;&#8212;&#8212;&#8212;&#8212;&#8212;&#8212;&#8212;&#8212;&#8212;&#8212;&#8212;&#8212;<\/div>\n<div dir=\"auto\" style=\"text-align: justify;\">El 4 de julio pasado en Tatahuicapan, los habitantes de una comunidad \u201cinvitaron\u201d a Esteban Ram\u00edrez Zepeta a retirarse del lugar, al tiempo que le gritaban traidor y \u00e9l trat\u00f3 de calmar los \u00e1nimos, pero lo tomaron del brazo y lo llevaron hasta su veh\u00edculo.<\/div>\n<div dir=\"auto\" style=\"text-align: justify;\">&#8212;&#8212;&#8212;&#8212;&#8212;&#8212;&#8212;&#8212;&#8212;&#8212;&#8212;&#8212;&#8212;&#8212;&#8212;&#8212;<\/div>\n<div dir=\"auto\" style=\"text-align: justify;\">Lo que sucedi\u00f3 el domingo pasado en el Mes\u00f3n de Guadalupe, en el municipio de Coatepec, lo vivi\u00f3 Arturo L\u00f3pez Obrador, hermano del ex presidente de M\u00e9xico, que lleg\u00f3 ah\u00ed junto con su familia y el momento fue bochornoso para \u00e9l que insisti\u00f3 en aclarar que no pertenece a Morena, pero los gritos subieron de tono y en su rostro se reflejaba la angustia.<\/div>\n<div dir=\"auto\" style=\"text-align: justify;\">&#8212;&#8212;&#8212;&#8212;&#8212;&#8212;&#8212;&#8212;&#8212;&#8212;&#8212;&#8212;&#8212;&#8212;&#8212;&#8212;-<\/div>\n<div dir=\"auto\" style=\"text-align: justify;\"><strong>Insisti\u00f3 \u201cYo no vivo de Morena co\u00f1o. No saben a qu\u00e9 partido pertenezco\u201d.<\/strong><\/div>\n<div dir=\"auto\" style=\"text-align: justify;\"><\/div>\n<div dir=\"auto\" style=\"text-align: justify;\">El momento fue inc\u00f3modo para toda su familia que por un momento una se\u00f1ora mayor de edad estaba perdiendo el control y quiso ir a aclarar o a reclamar el proceder de los que se encontraban en una mesa que en ning\u00fan momento dejaron de gritar consignas.<\/div>\n<div dir=\"auto\" style=\"text-align: justify;\">&#8212;&#8212;&#8212;&#8212;&#8212;&#8212;&#8212;&#8212;&#8212;&#8212;&#8212;&#8212;&#8212;&#8212;&#8212;&#8212;-<\/div>\n<div dir=\"auto\" style=\"text-align: justify;\">El estigma va a durar mucho tiempo y los dirigentes y gobiernos tienen una muy intensa tarea, para recuperar credibilidad, mejorar su imagen y no seguir diciendo mentiras, es decir, volver a posicionarse, pero como se venlas cosas, al menos en Veracruz, va a ser muy dif\u00edcil.<\/div>\n<div dir=\"auto\" style=\"text-align: justify;\">&#8212;&#8212;&#8212;&#8212;&#8212;&#8212;&#8212;&#8212;&#8212;&#8212;&#8212;&#8212;&#8212;&#8212;&#8212;&#8212;-<\/div>\n<div dir=\"auto\" style=\"text-align: justify;\">La visita que har\u00e1 la presidenta Claudia Sheinbaum el 10 de septiembre a la zona conurbada, ser\u00e1 para presentar su segundo informe de gobierno y sabemos que, de paso, para fortalecer la imagen de su partido que obviamente sabe, no anda bien en estas tierras.<\/div>\n<div dir=\"auto\" style=\"text-align: justify;\">&#8212;&#8212;&#8212;&#8212;&#8212;&#8212;&#8212;&#8212;&#8212;&#8212;&#8212;&#8212;&#8212;&#8212;&#8212;&#8212;-<\/div>\n<div dir=\"auto\" style=\"text-align: justify;\">Despu\u00e9s posiblemente tengamos las visitas de algunos secretarios del gabinete federal, para apoyar algunas obras y acciones, despertando el inter\u00e9s por Morena y si le meten velocidad al tema podr\u00edan revertir un porcentaje del da\u00f1o que ya tiene ese Movimiento de Regeneraci\u00f3n Nacional.<\/div>\n<div dir=\"auto\" style=\"text-align: justify;\">&#8212;&#8212;&#8212;&#8212;&#8212;&#8212;&#8212;&#8212;&#8212;&#8212;&#8212;&#8212;&#8212;&#8212;&#8212;&#8212;&#8211;<\/div>\n<div dir=\"auto\" style=\"text-align: justify;\">Una frase recurrente que manejan los pol\u00edticos, dice que lo que realmente se requiere es voluntad y eso tendr\u00e1n que entenderlo todos los que ocupan un cargo relevante, para mejorar su comportamiento y evitar entre otras cosas, el fuego amigo, con el que parece se han especializado.<\/div>\n<div dir=\"auto\" style=\"text-align: justify;\"><\/div>\n<div dir=\"auto\"><strong>M\u00e1s claro ni el agua.<\/strong><\/div>\n<div id=\"x_ms-outlook-mobile-body-separator-line\" dir=\"auto\" data-applydefaultfontstyles=\"true\">\n<div dir=\"auto\"><img loading=\"lazy\" decoding=\"async\" class=\"aligncenter size-full wp-image-9322\" src=\"https:\/\/revistaenfoquepolitico.com\/wp-content\/uploads\/2026\/09\/IMG-20260806-WA0282-1.jpg\" alt=\"\" width=\"300\" height=\"300\" srcset=\"https:\/\/revistaenfoquepolitico.com\/wp-content\/uploads\/2026\/09\/IMG-20260806-WA0282-1.jpg 300w, https:\/\/revistaenfoquepolitico.com\/wp-content\/uploads\/2026\/09\/IMG-20260806-WA0282-1-150x150.jpg 150w\" sizes=\"auto, (max-width: 300px) 100vw, 300px\" \/><\/div>\n<\/div>\n","protected":false},"excerpt":{"rendered":"<p>M\u00e1s claro\u2026 Por Felipe Mendiola Parra EL REPUDIO A LOS DE MORENA EN COATEPEC, FUE UNA REACCION ESPONTANEA &#8212;&#8212;&#8212;&#8212;&#8212;&#8212;&#8212;&#8212;&#8212;&#8212;&#8212;&#8212;&#8212;&#8212;&#8212;&#8212;- Parec\u00eda una escena de las pel\u00edculas de los a\u00f1os 60 del cine mexicano, el repudio y los gritos \u201cFuera Morena\u201d, provocaron el asombro de los comensales que estaban en el restaurante de comida espa\u00f1ola de Coatepec, [&hellip;]<\/p>\n","protected":false},"author":1,"featured_media":9322,"comment_status":"closed","ping_status":"closed","sticky":false,"template":"","format":"standard","meta":{"_jetpack_memberships_contains_paid_content":false,"footnotes":"","jetpack_publicize_message":"","jetpack_publicize_feature_enabled":true,"jetpack_social_post_already_shared":true,"jetpack_social_options":{"image_generator_settings":{"template":"highway","default_image_id":0,"font":"","enabled":false},"version":2}},"categories":[65],"tags":[81],"class_list":["post-9321","post","type-post","status-publish","format-standard","has-post-thumbnail","hentry","category-columna","tag-felipe-mendiola-parra"],"jetpack_publicize_connections":[],"jetpack_featured_media_url":"https:\/\/revistaenfoquepolitico.com\/wp-content\/uploads\/2026\/09\/IMG-20260806-WA0282-1.jpg","jetpack_sharing_enabled":true,"_links":{"self":[{"href":"https:\/\/revistaenfoquepolitico.com\/index.php\/wp-json\/wp\/v2\/posts\/9321","targetHints":{"allow":["GET"]}}],"collection":[{"href":"https:\/\/revistaenfoquepolitico.com\/index.php\/wp-json\/wp\/v2\/posts"}],"about":[{"href":"https:\/\/revistaenfoquepolitico.com\/index.php\/wp-json\/wp\/v2\/types\/post"}],"author":[{"embeddable":true,"href":"https:\/\/revistaenfoquepolitico.com\/index.php\/wp-json\/wp\/v2\/users\/1"}],"replies":[{"embeddable":true,"href":"https:\/\/revistaenfoquepolitico.com\/index.php\/wp-json\/wp\/v2\/comments?post=9321"}],"version-history":[{"count":1,"href":"https:\/\/revistaenfoquepolitico.com\/index.php\/wp-json\/wp\/v2\/posts\/9321\/revisions"}],"predecessor-version":[{"id":9323,"href":"https:\/\/revistaenfoquepolitico.com\/index.php\/wp-json\/wp\/v2\/posts\/9321\/revisions\/9323"}],"wp:featuredmedia":[{"embeddable":true,"href":"https:\/\/revistaenfoquepolitico.com\/index.php\/wp-json\/wp\/v2\/media\/9322"}],"wp:attachment":[{"href":"https:\/\/revistaenfoquepolitico.com\/index.php\/wp-json\/wp\/v2\/media?parent=9321"}],"wp:term":[{"taxonomy":"category","embeddable":true,"href":"https:\/\/revistaenfoquepolitico.com\/index.php\/wp-json\/wp\/v2\/categories?post=9321"},{"taxonomy":"post_tag","embeddable":true,"href":"https:\/\/revistaenfoquepolitico.com\/index.php\/wp-json\/wp\/v2\/tags?post=9321"}],"curies":[{"name":"wp","href":"https:\/\/api.w.org\/{rel}","templated":true}]}}