{"id":9326,"date":"2026-09-01T22:25:20","date_gmt":"2026-09-02T04:25:20","guid":{"rendered":"https:\/\/revistaenfoquepolitico.com\/?p=9326"},"modified":"2026-09-01T22:25:20","modified_gmt":"2026-09-02T04:25:20","slug":"impulsa-rosa-maria-acciones-en-beneficio-del-sector-rural","status":"publish","type":"post","link":"https:\/\/revistaenfoquepolitico.com\/index.php\/2026\/09\/01\/impulsa-rosa-maria-acciones-en-beneficio-del-sector-rural\/","title":{"rendered":"IMPULSA ROSA MAR\u00cdA ACCIONES EN BENEFICIO DEL SECTOR RURAL"},"content":{"rendered":"<div dir=\"auto\" data-olk-copy-source=\"MessageBody\">01 de septiembre de 2026<\/div>\n<div dir=\"auto\">Bolet\u00edn Informativo<\/div>\n<div dir=\"auto\"><\/div>\n<div dir=\"auto\" style=\"text-align: justify;\">*Con la Tercera Feria Agron\u00f3mica en Santa Fe, la alcaldesa de Veracruz, Rosa Mar\u00eda Hern\u00e1ndez Espejo, reitera su compromiso de acercar insumos y herramientas a precios accesibles*<\/div>\n<div dir=\"auto\" style=\"text-align: justify;\">&#8212;&#8212;&#8212;&#8212;&#8212;&#8212;&#8212;&#8212;&#8212;&#8212;&#8212;&#8212;&#8212;&#8212;&#8212;&#8212;<\/div>\n<div dir=\"auto\" style=\"text-align: justify;\">La alcaldesa de Veracruz, Rosa Mar\u00eda Hern\u00e1ndez Espejo, impulsa la Tercera Feria Agron\u00f3mica de Veracruz para acercar insumos, herramientas y servicios que ayuden a reducir gastos y fortalecer las actividades del campo, el pr\u00f3ximo 5 de septiembre en la congregaci\u00f3n de Santa Fe, de 9:00 a 17:00 horas.<\/div>\n<div dir=\"auto\" style=\"text-align: justify;\">&#8212;&#8212;&#8212;&#8212;&#8212;&#8212;&#8212;&#8212;&#8212;&#8212;&#8212;&#8212;&#8212;&#8212;&#8212;&#8212;-<\/div>\n<div dir=\"auto\" style=\"text-align: justify;\">Durante la jornada se facilitar\u00e1 el acceso a insumos y herramientas para actividades agr\u00edcolas y ganaderas, con descuentos de entre 15 y 20 por ciento, entre ellos mallas, alambre de p\u00faas, l\u00e1minas galvanizadas, fertilizantes, urea, semillas, agroqu\u00edmicos, motosierras, desbrozadoras, vitaminas y desparasitantes.<\/div>\n<div dir=\"auto\" style=\"text-align: justify;\">&#8212;&#8212;&#8212;&#8212;&#8212;&#8212;&#8212;&#8212;&#8212;&#8212;&#8212;&#8212;&#8212;&#8212;&#8212;&#8212;<\/div>\n<div dir=\"auto\" style=\"text-align: justify;\">La feria tambi\u00e9n contar\u00e1 con exhibici\u00f3n de tecnolog\u00eda para el campo, as\u00ed como brigadas de salud visual y dental, ampliando los servicios disponibles para las familias asistentes y generando un espacio de atenci\u00f3n para quienes desarrollan actividades agr\u00edcolas y ganaderas en la zona rural.<\/div>\n<div dir=\"auto\" style=\"text-align: justify;\">&#8212;&#8212;&#8212;&#8212;&#8212;&#8212;&#8212;&#8212;&#8212;&#8212;&#8212;&#8212;&#8212;&#8212;&#8212;&#8212;<\/div>\n<div dir=\"auto\" style=\"text-align: justify;\">La jornada estar\u00e1 a cargo de la direcci\u00f3n de Fomento Agropecuario y Desarrollo Rural y ofrecer\u00e1 productos alimenticios como pollos, conos de huevo y verduras, adem\u00e1s de art\u00edculos elaborados por mujeres artesanas de la regi\u00f3n, fortaleciendo tambi\u00e9n el comercio local y generando oportunidades para las familias participantes.<\/div>\n<div dir=\"auto\" style=\"text-align: justify;\">&#8212;&#8212;&#8212;&#8212;&#8212;&#8212;&#8212;&#8212;&#8212;&#8212;&#8212;&#8212;&#8212;&#8212;&#8212;&#8212;<\/div>\n<div dir=\"auto\" style=\"text-align: justify;\">El Ayuntamiento de Veracruz prev\u00e9 la asistencia de entre 500 y mil agricultores, ganaderos, ejidatarios y familias, incluyendo habitantes de la congregaci\u00f3n Delfino Victoria, quienes podr\u00e1n encontrar alternativas para reducir gastos y fortalecer sus actividades productivas, mientras comerciantes y artesanas tendr\u00e1n un espacio para ofrecer sus productos y contribuir a la econom\u00eda familiar.<\/div>\n<div id=\"x_ms-outlook-mobile-body-separator-line\" dir=\"auto\" data-applydefaultfontstyles=\"true\">\n<div dir=\"auto\" style=\"text-align: justify;\"><img loading=\"lazy\" decoding=\"async\" class=\"aligncenter size-medium wp-image-9327\" src=\"https:\/\/revistaenfoquepolitico.com\/wp-content\/uploads\/2026\/09\/IMG-20260901-WA0292-240x300.jpg\" alt=\"\" width=\"240\" height=\"300\" srcset=\"https:\/\/revistaenfoquepolitico.com\/wp-content\/uploads\/2026\/09\/IMG-20260901-WA0292-240x300.jpg 240w, https:\/\/revistaenfoquepolitico.com\/wp-content\/uploads\/2026\/09\/IMG-20260901-WA0292-819x1024.jpg 819w, https:\/\/revistaenfoquepolitico.com\/wp-content\/uploads\/2026\/09\/IMG-20260901-WA0292-768x960.jpg 768w, https:\/\/revistaenfoquepolitico.com\/wp-content\/uploads\/2026\/09\/IMG-20260901-WA0292-1229x1536.jpg 1229w, https:\/\/revistaenfoquepolitico.com\/wp-content\/uploads\/2026\/09\/IMG-20260901-WA0292-1638x2048.jpg 1638w, https:\/\/revistaenfoquepolitico.com\/wp-content\/uploads\/2026\/09\/IMG-20260901-WA0292-scaled.jpg 2048w\" sizes=\"auto, (max-width: 240px) 100vw, 240px\" \/><\/div>\n<\/div>\n","protected":false},"excerpt":{"rendered":"<p>01 de septiembre de 2026 Bolet\u00edn Informativo *Con la Tercera Feria Agron\u00f3mica en Santa Fe, la alcaldesa de Veracruz, Rosa Mar\u00eda Hern\u00e1ndez Espejo, reitera su compromiso de acercar insumos y herramientas a precios accesibles* &#8212;&#8212;&#8212;&#8212;&#8212;&#8212;&#8212;&#8212;&#8212;&#8212;&#8212;&#8212;&#8212;&#8212;&#8212;&#8212; La alcaldesa de Veracruz, Rosa Mar\u00eda Hern\u00e1ndez Espejo, impulsa la Tercera Feria Agron\u00f3mica de Veracruz para acercar insumos, herramientas y [&hellip;]<\/p>\n","protected":false},"author":1,"featured_media":9327,"comment_status":"closed","ping_status":"closed","sticky":false,"template":"","format":"standard","meta":{"_jetpack_memberships_contains_paid_content":false,"footnotes":"","jetpack_publicize_message":"","jetpack_publicize_feature_enabled":true,"jetpack_social_post_already_shared":true,"jetpack_social_options":{"image_generator_settings":{"template":"highway","default_image_id":0,"font":"","enabled":false},"version":2}},"categories":[4],"tags":[72],"class_list":["post-9326","post","type-post","status-publish","format-standard","has-post-thumbnail","hentry","category-noticia-politica","tag-rosa-maria-presidenta-de-veracruz"],"jetpack_publicize_connections":[],"jetpack_featured_media_url":"https:\/\/revistaenfoquepolitico.com\/wp-content\/uploads\/2026\/09\/IMG-20260901-WA0292-scaled.jpg","jetpack_sharing_enabled":true,"_links":{"self":[{"href":"https:\/\/revistaenfoquepolitico.com\/index.php\/wp-json\/wp\/v2\/posts\/9326","targetHints":{"allow":["GET"]}}],"collection":[{"href":"https:\/\/revistaenfoquepolitico.com\/index.php\/wp-json\/wp\/v2\/posts"}],"about":[{"href":"https:\/\/revistaenfoquepolitico.com\/index.php\/wp-json\/wp\/v2\/types\/post"}],"author":[{"embeddable":true,"href":"https:\/\/revistaenfoquepolitico.com\/index.php\/wp-json\/wp\/v2\/users\/1"}],"replies":[{"embeddable":true,"href":"https:\/\/revistaenfoquepolitico.com\/index.php\/wp-json\/wp\/v2\/comments?post=9326"}],"version-history":[{"count":1,"href":"https:\/\/revistaenfoquepolitico.com\/index.php\/wp-json\/wp\/v2\/posts\/9326\/revisions"}],"predecessor-version":[{"id":9328,"href":"https:\/\/revistaenfoquepolitico.com\/index.php\/wp-json\/wp\/v2\/posts\/9326\/revisions\/9328"}],"wp:featuredmedia":[{"embeddable":true,"href":"https:\/\/revistaenfoquepolitico.com\/index.php\/wp-json\/wp\/v2\/media\/9327"}],"wp:attachment":[{"href":"https:\/\/revistaenfoquepolitico.com\/index.php\/wp-json\/wp\/v2\/media?parent=9326"}],"wp:term":[{"taxonomy":"category","embeddable":true,"href":"https:\/\/revistaenfoquepolitico.com\/index.php\/wp-json\/wp\/v2\/categories?post=9326"},{"taxonomy":"post_tag","embeddable":true,"href":"https:\/\/revistaenfoquepolitico.com\/index.php\/wp-json\/wp\/v2\/tags?post=9326"}],"curies":[{"name":"wp","href":"https:\/\/api.w.org\/{rel}","templated":true}]}}