{"id":9330,"date":"2026-09-02T15:27:58","date_gmt":"2026-09-02T21:27:58","guid":{"rendered":"https:\/\/revistaenfoquepolitico.com\/?p=9330"},"modified":"2026-09-02T15:27:58","modified_gmt":"2026-09-02T21:27:58","slug":"samuel-acosta-conoce-la-problematica-santos-alvarez-responde-a-criticas-por-el-servicio-de-agua","status":"publish","type":"post","link":"https:\/\/revistaenfoquepolitico.com\/index.php\/2026\/09\/02\/samuel-acosta-conoce-la-problematica-santos-alvarez-responde-a-criticas-por-el-servicio-de-agua\/","title":{"rendered":"SAMUEL ACOSTA CONOCE LA PROBLEM\u00c1TICA: SANTOS \u00c1LVAREZ RESPONDE A CRITICAS POR EL SERVICIO DE AGUA"},"content":{"rendered":"<div dir=\"auto\" style=\"text-align: justify;\"><strong>*Medell\u00edn de Bravo, Ver.<\/strong><\/div>\n<div dir=\"auto\"><\/div>\n<div dir=\"auto\" style=\"text-align: justify;\"><strong>El director de Gobernaci\u00f3n del Ayuntamiento de Medell\u00edn de Bravo, Santos \u00c1lvarez, fij\u00f3 postura respecto a las cr\u00edticas dirigidas al alcalde Samuel Acosta Mart\u00ednez por su postura ante la problem\u00e1tica del servicio de agua*<\/strong><\/div>\n<div dir=\"auto\">&#8212;&#8212;&#8212;&#8212;&#8212;&#8212;&#8212;&#8212;&#8212;&#8212;&#8212;&#8212;&#8212;&#8212;&#8212;&#8212;-<\/div>\n<div dir=\"auto\" style=\"text-align: justify;\">En entrevista, Santos \u00c1lvarez respondi\u00f3 a las cr\u00edticas de ciudadanos que han cuestionado al alcalde Samuel Acosta por un supuesto desconocimiento de la problem\u00e1tica relacionada con el servicio de agua.<\/div>\n<div dir=\"auto\" style=\"text-align: justify;\">&#8212;&#8212;&#8212;&#8212;&#8212;&#8212;&#8212;&#8212;&#8212;&#8212;&#8212;&#8212;&#8212;&#8212;&#8212;&#8212;<\/div>\n<div dir=\"auto\" style=\"text-align: justify;\">El funcionario rechaz\u00f3 que el presidente municipal desconozca la situaci\u00f3n y consider\u00f3 que calificarlo de \u201cignorante\u201d por no conocer el tema no es correcto, pues, asegur\u00f3, desde el inicio de su administraci\u00f3n el alcalde ha recibido directamente las inquietudes de los ciudadanos afectados.<\/div>\n<div dir=\"auto\" style=\"text-align: justify;\">&#8212;&#8212;&#8212;&#8212;&#8212;&#8212;&#8212;&#8212;&#8212;&#8212;&#8212;&#8212;&#8212;&#8212;&#8212;&#8212;<\/div>\n<div dir=\"auto\" style=\"text-align: justify;\"><img loading=\"lazy\" decoding=\"async\" class=\"alignleft size-medium wp-image-9332\" src=\"https:\/\/revistaenfoquepolitico.com\/wp-content\/uploads\/2026\/09\/IMG-20260902-WA0075-300x169.jpg\" alt=\"\" width=\"300\" height=\"169\" srcset=\"https:\/\/revistaenfoquepolitico.com\/wp-content\/uploads\/2026\/09\/IMG-20260902-WA0075-300x169.jpg 300w, https:\/\/revistaenfoquepolitico.com\/wp-content\/uploads\/2026\/09\/IMG-20260902-WA0075-1024x576.jpg 1024w, https:\/\/revistaenfoquepolitico.com\/wp-content\/uploads\/2026\/09\/IMG-20260902-WA0075-768x432.jpg 768w, https:\/\/revistaenfoquepolitico.com\/wp-content\/uploads\/2026\/09\/IMG-20260902-WA0075-1536x864.jpg 1536w, https:\/\/revistaenfoquepolitico.com\/wp-content\/uploads\/2026\/09\/IMG-20260902-WA0075.jpg 1600w\" sizes=\"auto, (max-width: 300px) 100vw, 300px\" \/>\u00c1lvarez explic\u00f3 que uno de los principales motivos para intervenir fue la cantidad de quejas recibidas por habitantes de Medell\u00edn de Bravo. De acuerdo con lo expuesto por el funcionario, existen alrededor de 10 mil usuarios relacionados con el servicio, de los cuales m\u00e1s de 5 mil presentar\u00edan alg\u00fan tipo de problema o rezago.<\/div>\n<div dir=\"auto\" style=\"text-align: justify;\">&#8212;&#8212;&#8212;&#8212;&#8212;&#8212;&#8212;&#8212;&#8212;&#8212;&#8212;&#8212;&#8212;&#8212;&#8212;&#8212;-<\/div>\n<div dir=\"auto\" style=\"text-align: justify;\">Ante esta situaci\u00f3n, el Ayuntamiento gestion\u00f3 la instalaci\u00f3n de un m\u00f3dulo de atenci\u00f3n, donde representantes de la empresa responsable pueden atender directamente a los ciudadanos. El m\u00f3dulo permanecer\u00e1 instalado durante un mes en las inmediaciones del Palacio Municipal.<\/div>\n<div dir=\"auto\" style=\"text-align: justify;\">&#8212;&#8212;&#8212;&#8212;&#8212;&#8212;&#8212;&#8212;&#8212;&#8212;&#8212;&#8212;&#8212;&#8212;&#8212;&#8212;-<\/div>\n<div dir=\"auto\" style=\"text-align: justify;\">Santos \u00c1lvarez sostuvo que esta medida busca atender una demanda ciudadana mientras se resuelve por las v\u00edas correspondientes la situaci\u00f3n jur\u00eddica que involucra al Grupo MAS, empresa encargada del servicio en la zona.<\/div>\n<div dir=\"auto\" style=\"text-align: justify;\">&#8212;&#8212;&#8212;&#8212;&#8212;&#8212;&#8212;&#8212;&#8212;&#8212;&#8212;&#8212;&#8212;&#8212;&#8212;&#8212;-<\/div>\n<div dir=\"auto\" style=\"text-align: justify;\">\u201cEsto no es un problema de Medell\u00edn, sino una situaci\u00f3n que involucra a tres municipios\u201d, explic\u00f3 el funcionario, al se\u00f1alar que la administraci\u00f3n municipal busca actuar de manera institucional y dentro del marco legal.<\/div>\n<div dir=\"auto\" style=\"text-align: justify;\">&#8212;&#8212;&#8212;&#8212;&#8212;&#8212;&#8212;&#8212;&#8212;&#8212;&#8212;&#8212;&#8212;&#8212;&#8212;&#8212;-<\/div>\n<div dir=\"auto\" style=\"text-align: justify;\">Finalmente, \u00c1lvarez consider\u00f3 que las cr\u00edticas hacia el alcalde tambi\u00e9n podr\u00edan formar parte del escenario pol\u00edtico rumbo a las pr\u00f3ximas elecciones, aunque asegur\u00f3 que el gobierno municipal continuar\u00e1 actuando conforme a la ley y atendiendo las demandas de los habitantes de Medell\u00edn de Bravo.<\/div>\n<div id=\"x_ms-outlook-mobile-body-separator-line\" dir=\"auto\" data-applydefaultfontstyles=\"true\">\n<div dir=\"auto\" style=\"text-align: justify;\"><\/div>\n<\/div>\n","protected":false},"excerpt":{"rendered":"<p>*Medell\u00edn de Bravo, Ver. El director de Gobernaci\u00f3n del Ayuntamiento de Medell\u00edn de Bravo, Santos \u00c1lvarez, fij\u00f3 postura respecto a las cr\u00edticas dirigidas al alcalde Samuel Acosta Mart\u00ednez por su postura ante la problem\u00e1tica del servicio de agua* &#8212;&#8212;&#8212;&#8212;&#8212;&#8212;&#8212;&#8212;&#8212;&#8212;&#8212;&#8212;&#8212;&#8212;&#8212;&#8212;- En entrevista, Santos \u00c1lvarez respondi\u00f3 a las cr\u00edticas de ciudadanos que han cuestionado al alcalde Samuel [&hellip;]<\/p>\n","protected":false},"author":1,"featured_media":9331,"comment_status":"closed","ping_status":"closed","sticky":false,"template":"","format":"standard","meta":{"_jetpack_memberships_contains_paid_content":false,"footnotes":"","jetpack_publicize_message":"","jetpack_publicize_feature_enabled":true,"jetpack_social_post_already_shared":true,"jetpack_social_options":{"image_generator_settings":{"template":"highway","default_image_id":0,"font":"","enabled":false},"version":2}},"categories":[4],"tags":[73],"class_list":["post-9330","post","type-post","status-publish","format-standard","has-post-thumbnail","hentry","category-noticia-politica","tag-samuel-acosta-alcalde-de-medellin"],"jetpack_publicize_connections":[],"jetpack_featured_media_url":"https:\/\/revistaenfoquepolitico.com\/wp-content\/uploads\/2026\/09\/IMG-20260902-WA0072.jpg","jetpack_sharing_enabled":true,"_links":{"self":[{"href":"https:\/\/revistaenfoquepolitico.com\/index.php\/wp-json\/wp\/v2\/posts\/9330","targetHints":{"allow":["GET"]}}],"collection":[{"href":"https:\/\/revistaenfoquepolitico.com\/index.php\/wp-json\/wp\/v2\/posts"}],"about":[{"href":"https:\/\/revistaenfoquepolitico.com\/index.php\/wp-json\/wp\/v2\/types\/post"}],"author":[{"embeddable":true,"href":"https:\/\/revistaenfoquepolitico.com\/index.php\/wp-json\/wp\/v2\/users\/1"}],"replies":[{"embeddable":true,"href":"https:\/\/revistaenfoquepolitico.com\/index.php\/wp-json\/wp\/v2\/comments?post=9330"}],"version-history":[{"count":1,"href":"https:\/\/revistaenfoquepolitico.com\/index.php\/wp-json\/wp\/v2\/posts\/9330\/revisions"}],"predecessor-version":[{"id":9333,"href":"https:\/\/revistaenfoquepolitico.com\/index.php\/wp-json\/wp\/v2\/posts\/9330\/revisions\/9333"}],"wp:featuredmedia":[{"embeddable":true,"href":"https:\/\/revistaenfoquepolitico.com\/index.php\/wp-json\/wp\/v2\/media\/9331"}],"wp:attachment":[{"href":"https:\/\/revistaenfoquepolitico.com\/index.php\/wp-json\/wp\/v2\/media?parent=9330"}],"wp:term":[{"taxonomy":"category","embeddable":true,"href":"https:\/\/revistaenfoquepolitico.com\/index.php\/wp-json\/wp\/v2\/categories?post=9330"},{"taxonomy":"post_tag","embeddable":true,"href":"https:\/\/revistaenfoquepolitico.com\/index.php\/wp-json\/wp\/v2\/tags?post=9330"}],"curies":[{"name":"wp","href":"https:\/\/api.w.org\/{rel}","templated":true}]}}