{"id":9334,"date":"2026-09-02T16:07:58","date_gmt":"2026-09-02T22:07:58","guid":{"rendered":"https:\/\/revistaenfoquepolitico.com\/?p=9334"},"modified":"2026-09-02T16:07:58","modified_gmt":"2026-09-02T22:07:58","slug":"abre-ayuntamiento-de-veracruz-convocatoria-para-integrar-la-corte-real-del-carnaval-2027","status":"publish","type":"post","link":"https:\/\/revistaenfoquepolitico.com\/index.php\/2026\/09\/02\/abre-ayuntamiento-de-veracruz-convocatoria-para-integrar-la-corte-real-del-carnaval-2027\/","title":{"rendered":"ABRE AYUNTAMIENTO DE VERACRUZ CONVOCATORIA PARA INTEGRAR LA CORTE REAL DEL CARNAVAL 2027"},"content":{"rendered":"<div dir=\"auto\"><img loading=\"lazy\" decoding=\"async\" class=\"aligncenter size-medium wp-image-9336\" src=\"https:\/\/revistaenfoquepolitico.com\/wp-content\/uploads\/2026\/09\/IMG-20260902-WA0158-240x300.jpg\" alt=\"\" width=\"240\" height=\"300\" srcset=\"https:\/\/revistaenfoquepolitico.com\/wp-content\/uploads\/2026\/09\/IMG-20260902-WA0158-240x300.jpg 240w, https:\/\/revistaenfoquepolitico.com\/wp-content\/uploads\/2026\/09\/IMG-20260902-WA0158-819x1024.jpg 819w, https:\/\/revistaenfoquepolitico.com\/wp-content\/uploads\/2026\/09\/IMG-20260902-WA0158-768x961.jpg 768w, https:\/\/revistaenfoquepolitico.com\/wp-content\/uploads\/2026\/09\/IMG-20260902-WA0158-1228x1536.jpg 1228w, https:\/\/revistaenfoquepolitico.com\/wp-content\/uploads\/2026\/09\/IMG-20260902-WA0158.jpg 1279w\" sizes=\"auto, (max-width: 240px) 100vw, 240px\" \/><\/div>\n<div dir=\"auto\" style=\"text-align: justify;\"><strong>*Con el impulso de la alcaldesa Rosa Mar\u00eda Hern\u00e1ndez Espejo a las tradiciones y la promoci\u00f3n tur\u00edstica de Veracruz, inicia el proceso para elegir a la Corte Real del Carnaval 2027*<\/strong><\/div>\n<div dir=\"auto\">&#8212;&#8212;&#8212;&#8212;&#8212;&#8212;&#8212;&#8212;&#8212;&#8212;&#8212;&#8212;&#8212;&#8212;&#8212;&#8212;&#8211;<\/div>\n<div dir=\"auto\">Veracruz, Ver., 02 de septiembre del 2026<\/div>\n<div dir=\"auto\"><\/div>\n<div dir=\"auto\" style=\"text-align: justify;\">Bajo la visi\u00f3n de la alcaldesa Rosa Mar\u00eda Hern\u00e1ndez Espejo de fortalecer las tradiciones y promover la proyecci\u00f3n tur\u00edstica de Veracruz, el Ayuntamiento abri\u00f3 la convocatoria para integrar la Corte Real del Carnaval de Veracruz 2027, una de las celebraciones m\u00e1s representativas del estado.<\/div>\n<div dir=\"auto\" style=\"text-align: justify;\">&#8212;&#8212;&#8212;&#8212;&#8212;&#8212;&#8212;&#8212;&#8212;&#8212;&#8212;&#8212;&#8212;&#8212;&#8212;&#8212;-<\/div>\n<div dir=\"auto\" style=\"text-align: justify;\">En rueda de prensa, el director de Turismo y Carnaval, Daniel Mart\u00edn Lois, inform\u00f3 que a partir de hoy y hasta el viernes 2 de octubre de 2026, a las 14:00 horas, estar\u00e1 abierto el periodo de inscripci\u00f3n para quienes deseen participar por los t\u00edtulos de Reina, Rey y Reyes Infantiles del Carnaval de Veracruz 2027<\/div>\n<div dir=\"auto\" style=\"text-align: justify;\">&#8212;&#8212;&#8212;&#8212;&#8212;&#8212;&#8212;&#8212;&#8212;&#8212;&#8212;&#8212;&#8212;&#8212;&#8212;&#8212;-<\/div>\n<div dir=\"auto\"><strong>Requisitos para Reina<\/strong><\/div>\n<div dir=\"auto\">\u2022\u2002\u2002\u2002\u2002\u2002Ser mujer de nacimiento, veracruzana o hija de padre o madre veracruzano.<\/div>\n<div dir=\"auto\">\u2022\u2002\u2002\u2002\u2002\u2002Tener entre 18 y 35 a\u00f1os.<\/div>\n<div dir=\"auto\"><\/div>\n<div dir=\"auto\"><strong>Requisitos para Rey<\/strong><\/div>\n<div dir=\"auto\"><\/div>\n<div dir=\"auto\">\u2022\u2002\u2002\u2002\u2002\u2002Ser hombre de nacimiento, veracruzano o hijo de padre o madre veracruzano.<\/div>\n<div dir=\"auto\">\u2022\u2002\u2002\u2002\u2002\u2002Tener 18 a\u00f1os en adelante.<\/div>\n<div dir=\"auto\"><\/div>\n<div dir=\"auto\"><strong>Requisitos para Reyes Infantiles<\/strong><\/div>\n<div dir=\"auto\"><\/div>\n<div dir=\"auto\">\u2022\u2002\u2002\u2002\u2002\u2002Haber nacido en el estado de Veracruz o ser hijo o hija de padre o madre veracruzano.<\/div>\n<div dir=\"auto\">\u2022\u2002\u2002\u2002\u2002\u2002Tener entre 6 y 12 a\u00f1os.<\/div>\n<div dir=\"auto\">&#8212;&#8212;&#8212;&#8212;&#8212;&#8212;&#8212;&#8212;&#8212;&#8212;&#8212;&#8212;&#8212;&#8212;&#8212;&#8212;-<\/div>\n<div dir=\"auto\">Las y los aspirantes de todas las categor\u00edas no deber\u00e1n haber sido Rey o Reina del Carnaval durante los \u00faltimos cinco a\u00f1os. La convocatoria establece un m\u00e1ximo de seis participantes por categor\u00eda, por lo que el periodo de inscripci\u00f3n podr\u00e1 concluir anticipadamente si se alcanza dicho l\u00edmite.<\/div>\n<div dir=\"auto\">&#8212;&#8212;&#8212;&#8212;&#8212;&#8212;&#8212;&#8212;&#8212;&#8212;&#8212;&#8212;&#8212;&#8212;&#8212;&#8212;&#8211;<\/div>\n<div dir=\"auto\" style=\"text-align: justify;\"><strong>Documentaci\u00f3n para el registro<\/strong><\/div>\n<div dir=\"auto\"><\/div>\n<div dir=\"auto\" style=\"text-align: justify;\">Para completar el registro, las y los candidatos deber\u00e1n presentar la siguiente documentaci\u00f3n, de acuerdo con su categor\u00eda:<\/div>\n<div dir=\"auto\" style=\"text-align: justify;\">Reina y Rey<\/div>\n<div dir=\"auto\" style=\"text-align: justify;\"><\/div>\n<div dir=\"auto\">\u2022\u2002\u2002\u2002\u2002\u2002Acta de nacimiento.<\/div>\n<div dir=\"auto\">\u2022\u2002\u2002\u2002\u2002\u2002Identificaci\u00f3n oficial vigente.<\/div>\n<div dir=\"auto\">\u2022\u2002\u2002\u2002\u2002\u2002Certificado de bachillerato concluido o equivalente avalado por la SEP.<\/div>\n<div dir=\"auto\">\u2022\u2002\u2002\u2002\u2002\u2002Dos fotograf\u00edas a color de primer plano y dos de cuerpo entero.<\/div>\n<div dir=\"auto\">\u2022\u2002\u2002\u2002\u2002\u2002Video de intenci\u00f3n en USB o escrito donde expongan sus motivos para participar.<\/div>\n<div dir=\"auto\">\u2022\u2002\u2002\u2002\u2002\u2002Formato de inscripci\u00f3n y carta responsiva debidamente firmados.<\/div>\n<div dir=\"auto\">\u2022\u2002\u2002\u2002\u2002\u2002Recibo oficial del pago de inscripci\u00f3n.<\/div>\n<div dir=\"auto\">Reyes Infantiles<\/div>\n<div dir=\"auto\">\u2022\u2002\u2002\u2002\u2002\u2002Acta de nacimiento.<\/div>\n<div dir=\"auto\">\u2022\u2002\u2002\u2002\u2002\u2002Identificaci\u00f3n oficial vigente del participante, representante y tutor.<\/div>\n<div dir=\"auto\">\u2022\u2002\u2002\u2002\u2002\u2002Constancia de estudios.<\/div>\n<div dir=\"auto\">\u2022\u2002\u2002\u2002\u2002\u2002Dos fotograf\u00edas a color de primer plano y dos de cuerpo entero.<\/div>\n<div dir=\"auto\">\u2022\u2002\u2002\u2002\u2002\u2002Video de intenci\u00f3n en USB o escrito donde expongan sus motivos para participar.<\/div>\n<div dir=\"auto\">\u2022\u2002\u2002\u2002\u2002\u2002Formato de inscripci\u00f3n y carta responsiva debidamente firmados.<\/div>\n<div dir=\"auto\">\u2022\u2002\u2002\u2002\u2002\u2002Recibo oficial del pago de inscripci\u00f3n.<\/div>\n<div dir=\"auto\">&#8212;&#8212;&#8212;&#8212;&#8212;&#8212;&#8212;&#8212;&#8212;&#8212;&#8212;&#8212;&#8212;&#8212;&#8212;&#8212;-<\/div>\n<div dir=\"auto\" style=\"text-align: justify;\">El pago de inscripci\u00f3n ser\u00e1 equivalente a 600 UMA para las categor\u00edas de adultos, correspondiente a 70 mil 386 pesos, y 240 UMA para las categor\u00edas infantiles, equivalente a 28 mil 154 pesos con 40 centavos.<\/div>\n<div dir=\"auto\" style=\"text-align: justify;\">&#8212;&#8212;&#8212;&#8212;&#8212;&#8212;&#8212;&#8212;&#8212;&#8212;&#8212;&#8212;&#8212;&#8212;&#8212;&#8212;<\/div>\n<div dir=\"auto\" style=\"text-align: justify;\">El primer c\u00f3mputo, correspondiente a la confirmaci\u00f3n de continuidad, se realizar\u00e1 el jueves 29 de octubre de 2026. Para continuar en el proceso, los participantes adultos deber\u00e1n alcanzar una meta m\u00ednima acumulada de 135 mil 768 pesos, incluyendo el pago inicial de inscripci\u00f3n.<\/div>\n<div dir=\"auto\" style=\"text-align: justify;\">&#8212;&#8212;&#8212;&#8212;&#8212;&#8212;&#8212;&#8212;&#8212;&#8212;&#8212;&#8212;&#8212;&#8212;&#8212;&#8212;-<\/div>\n<div dir=\"auto\" style=\"text-align: justify;\">En las categor\u00edas infantiles, la meta m\u00ednima acumulada para el primer c\u00f3mputo ser\u00e1 de 54 mil 307 pesos con 20 centavos, tambi\u00e9n considerando el pago inicial. El c\u00f3mputo final se realizar\u00e1 el jueves 19 de noviembre de 2026, con lo que concluir\u00e1 el proceso para definir a la Corte Real del Carnaval de Veracruz 2027.<\/div>\n<div id=\"x_ms-outlook-mobile-body-separator-line\" dir=\"auto\" data-applydefaultfontstyles=\"true\">\n<div dir=\"auto\" style=\"text-align: justify;\"><img loading=\"lazy\" decoding=\"async\" class=\"aligncenter size-medium wp-image-9337\" src=\"https:\/\/revistaenfoquepolitico.com\/wp-content\/uploads\/2026\/09\/IMG-20260902-WA0167-240x300.jpg\" alt=\"\" width=\"240\" height=\"300\" srcset=\"https:\/\/revistaenfoquepolitico.com\/wp-content\/uploads\/2026\/09\/IMG-20260902-WA0167-240x300.jpg 240w, https:\/\/revistaenfoquepolitico.com\/wp-content\/uploads\/2026\/09\/IMG-20260902-WA0167-819x1024.jpg 819w, https:\/\/revistaenfoquepolitico.com\/wp-content\/uploads\/2026\/09\/IMG-20260902-WA0167-768x961.jpg 768w, https:\/\/revistaenfoquepolitico.com\/wp-content\/uploads\/2026\/09\/IMG-20260902-WA0167-1228x1536.jpg 1228w, https:\/\/revistaenfoquepolitico.com\/wp-content\/uploads\/2026\/09\/IMG-20260902-WA0167.jpg 1279w\" sizes=\"auto, (max-width: 240px) 100vw, 240px\" \/><\/div>\n<div dir=\"auto\">&#8212;&#8212;&#8212;&#8212;&#8212;&#8212;&#8212;&#8212;&#8212;&#8212;&#8212;&#8212;&#8212;&#8212;&#8212;&#8212;-<\/div>\n<div dir=\"auto\"><img loading=\"lazy\" decoding=\"async\" class=\"aligncenter size-medium wp-image-9338\" src=\"https:\/\/revistaenfoquepolitico.com\/wp-content\/uploads\/2026\/09\/IMG-20260902-WA0159-240x300.jpg\" alt=\"\" width=\"240\" height=\"300\" srcset=\"https:\/\/revistaenfoquepolitico.com\/wp-content\/uploads\/2026\/09\/IMG-20260902-WA0159-240x300.jpg 240w, https:\/\/revistaenfoquepolitico.com\/wp-content\/uploads\/2026\/09\/IMG-20260902-WA0159-819x1024.jpg 819w, https:\/\/revistaenfoquepolitico.com\/wp-content\/uploads\/2026\/09\/IMG-20260902-WA0159-768x961.jpg 768w, https:\/\/revistaenfoquepolitico.com\/wp-content\/uploads\/2026\/09\/IMG-20260902-WA0159-1228x1536.jpg 1228w, https:\/\/revistaenfoquepolitico.com\/wp-content\/uploads\/2026\/09\/IMG-20260902-WA0159.jpg 1279w\" sizes=\"auto, (max-width: 240px) 100vw, 240px\" \/><\/div>\n<div dir=\"auto\">&#8212;&#8212;&#8212;&#8212;&#8212;&#8212;&#8212;&#8212;&#8212;&#8212;&#8212;&#8212;&#8212;&#8212;&#8212;&#8212;&#8212;<\/div>\n<div dir=\"auto\"><img loading=\"lazy\" decoding=\"async\" class=\"aligncenter size-medium wp-image-9339\" src=\"https:\/\/revistaenfoquepolitico.com\/wp-content\/uploads\/2026\/09\/IMG-20260902-WA0162-240x300.jpg\" alt=\"\" width=\"240\" height=\"300\" srcset=\"https:\/\/revistaenfoquepolitico.com\/wp-content\/uploads\/2026\/09\/IMG-20260902-WA0162-240x300.jpg 240w, https:\/\/revistaenfoquepolitico.com\/wp-content\/uploads\/2026\/09\/IMG-20260902-WA0162-819x1024.jpg 819w, https:\/\/revistaenfoquepolitico.com\/wp-content\/uploads\/2026\/09\/IMG-20260902-WA0162-768x961.jpg 768w, https:\/\/revistaenfoquepolitico.com\/wp-content\/uploads\/2026\/09\/IMG-20260902-WA0162-1228x1536.jpg 1228w, https:\/\/revistaenfoquepolitico.com\/wp-content\/uploads\/2026\/09\/IMG-20260902-WA0162.jpg 1279w\" sizes=\"auto, (max-width: 240px) 100vw, 240px\" \/><\/div>\n<div dir=\"auto\">&#8212;&#8212;&#8212;&#8212;&#8212;&#8212;&#8212;&#8212;&#8212;&#8212;&#8212;&#8212;&#8212;&#8212;&#8212;&#8212;&#8212;&#8212;&#8211;<\/div>\n<div dir=\"auto\"><img loading=\"lazy\" decoding=\"async\" class=\"aligncenter size-medium wp-image-9340\" src=\"https:\/\/revistaenfoquepolitico.com\/wp-content\/uploads\/2026\/09\/IMG-20260902-WA0171-240x300.jpg\" alt=\"\" width=\"240\" height=\"300\" srcset=\"https:\/\/revistaenfoquepolitico.com\/wp-content\/uploads\/2026\/09\/IMG-20260902-WA0171-240x300.jpg 240w, https:\/\/revistaenfoquepolitico.com\/wp-content\/uploads\/2026\/09\/IMG-20260902-WA0171-819x1024.jpg 819w, https:\/\/revistaenfoquepolitico.com\/wp-content\/uploads\/2026\/09\/IMG-20260902-WA0171-768x961.jpg 768w, https:\/\/revistaenfoquepolitico.com\/wp-content\/uploads\/2026\/09\/IMG-20260902-WA0171-1228x1536.jpg 1228w, https:\/\/revistaenfoquepolitico.com\/wp-content\/uploads\/2026\/09\/IMG-20260902-WA0171.jpg 1279w\" sizes=\"auto, (max-width: 240px) 100vw, 240px\" \/><\/div>\n<div dir=\"auto\">&#8212;&#8212;&#8212;&#8212;&#8212;&#8212;&#8212;&#8212;&#8212;&#8212;&#8212;&#8212;&#8212;&#8212;&#8212;&#8212;&#8212;&#8211;<\/div>\n<div dir=\"auto\"><img loading=\"lazy\" decoding=\"async\" class=\"aligncenter size-medium wp-image-9341\" src=\"https:\/\/revistaenfoquepolitico.com\/wp-content\/uploads\/2026\/09\/IMG-20260902-WA0180-240x300.jpg\" alt=\"\" width=\"240\" height=\"300\" srcset=\"https:\/\/revistaenfoquepolitico.com\/wp-content\/uploads\/2026\/09\/IMG-20260902-WA0180-240x300.jpg 240w, https:\/\/revistaenfoquepolitico.com\/wp-content\/uploads\/2026\/09\/IMG-20260902-WA0180-819x1024.jpg 819w, https:\/\/revistaenfoquepolitico.com\/wp-content\/uploads\/2026\/09\/IMG-20260902-WA0180-768x961.jpg 768w, https:\/\/revistaenfoquepolitico.com\/wp-content\/uploads\/2026\/09\/IMG-20260902-WA0180-1228x1536.jpg 1228w, https:\/\/revistaenfoquepolitico.com\/wp-content\/uploads\/2026\/09\/IMG-20260902-WA0180.jpg 1279w\" sizes=\"auto, (max-width: 240px) 100vw, 240px\" \/><\/div>\n<div dir=\"auto\"><\/div>\n<\/div>\n","protected":false},"excerpt":{"rendered":"<p>*Con el impulso de la alcaldesa Rosa Mar\u00eda Hern\u00e1ndez Espejo a las tradiciones y la promoci\u00f3n tur\u00edstica de Veracruz, inicia el proceso para elegir a la Corte Real del Carnaval 2027* &#8212;&#8212;&#8212;&#8212;&#8212;&#8212;&#8212;&#8212;&#8212;&#8212;&#8212;&#8212;&#8212;&#8212;&#8212;&#8212;&#8211; Veracruz, Ver., 02 de septiembre del 2026 Bajo la visi\u00f3n de la alcaldesa Rosa Mar\u00eda Hern\u00e1ndez Espejo de fortalecer las tradiciones y promover [&hellip;]<\/p>\n","protected":false},"author":1,"featured_media":9335,"comment_status":"closed","ping_status":"closed","sticky":false,"template":"","format":"standard","meta":{"_jetpack_memberships_contains_paid_content":false,"footnotes":"","jetpack_publicize_message":"","jetpack_publicize_feature_enabled":true,"jetpack_social_post_already_shared":true,"jetpack_social_options":{"image_generator_settings":{"template":"highway","default_image_id":0,"font":"","enabled":false},"version":2}},"categories":[4],"tags":[94],"class_list":["post-9334","post","type-post","status-publish","format-standard","has-post-thumbnail","hentry","category-noticia-politica","tag-carnaval-2027"],"jetpack_publicize_connections":[],"jetpack_featured_media_url":"https:\/\/revistaenfoquepolitico.com\/wp-content\/uploads\/2026\/09\/IMG-20260902-WA0157.jpg","jetpack_sharing_enabled":true,"_links":{"self":[{"href":"https:\/\/revistaenfoquepolitico.com\/index.php\/wp-json\/wp\/v2\/posts\/9334","targetHints":{"allow":["GET"]}}],"collection":[{"href":"https:\/\/revistaenfoquepolitico.com\/index.php\/wp-json\/wp\/v2\/posts"}],"about":[{"href":"https:\/\/revistaenfoquepolitico.com\/index.php\/wp-json\/wp\/v2\/types\/post"}],"author":[{"embeddable":true,"href":"https:\/\/revistaenfoquepolitico.com\/index.php\/wp-json\/wp\/v2\/users\/1"}],"replies":[{"embeddable":true,"href":"https:\/\/revistaenfoquepolitico.com\/index.php\/wp-json\/wp\/v2\/comments?post=9334"}],"version-history":[{"count":1,"href":"https:\/\/revistaenfoquepolitico.com\/index.php\/wp-json\/wp\/v2\/posts\/9334\/revisions"}],"predecessor-version":[{"id":9342,"href":"https:\/\/revistaenfoquepolitico.com\/index.php\/wp-json\/wp\/v2\/posts\/9334\/revisions\/9342"}],"wp:featuredmedia":[{"embeddable":true,"href":"https:\/\/revistaenfoquepolitico.com\/index.php\/wp-json\/wp\/v2\/media\/9335"}],"wp:attachment":[{"href":"https:\/\/revistaenfoquepolitico.com\/index.php\/wp-json\/wp\/v2\/media?parent=9334"}],"wp:term":[{"taxonomy":"category","embeddable":true,"href":"https:\/\/revistaenfoquepolitico.com\/index.php\/wp-json\/wp\/v2\/categories?post=9334"},{"taxonomy":"post_tag","embeddable":true,"href":"https:\/\/revistaenfoquepolitico.com\/index.php\/wp-json\/wp\/v2\/tags?post=9334"}],"curies":[{"name":"wp","href":"https:\/\/api.w.org\/{rel}","templated":true}]}}