{"id":9347,"date":"2026-09-03T00:24:26","date_gmt":"2026-09-03T06:24:26","guid":{"rendered":"https:\/\/revistaenfoquepolitico.com\/?p=9347"},"modified":"2026-09-03T00:34:05","modified_gmt":"2026-09-03T06:34:05","slug":"obtiene-fgr-vinculacion-a-proceso-contra-danahe-n","status":"publish","type":"post","link":"https:\/\/revistaenfoquepolitico.com\/index.php\/2026\/09\/03\/obtiene-fgr-vinculacion-a-proceso-contra-danahe-n\/","title":{"rendered":"OBTIENE FGR VINCULACI\u00d3N A PROCESO CONTRA DANAH\u00c9 \u00abN\u00bb"},"content":{"rendered":"<div dir=\"auto\" data-olk-copy-source=\"MessageBody\">Comunicado FGR DPE\/3858\/2026<\/div>\n<div dir=\"auto\"><\/div>\n<div dir=\"auto\">H. Veracruz, Veracruz, 1 de septiembre de 2026<\/div>\n<div dir=\"auto\"><\/div>\n<div dir=\"auto\" style=\"text-align: justify;\">OBTIENE FGR VINCULACI\u00d3N A PROCESO CONTRA UNA PERSONA POR LA PROBABLE COMISI\u00d3N DE UN DELITO FISCAL EN VERACRUZ<\/div>\n<div dir=\"auto\" style=\"text-align: justify;\">&#8212;&#8212;&#8212;&#8212;&#8212;&#8212;&#8212;&#8212;&#8212;&#8212;&#8212;&#8212;&#8212;&#8212;&#8212;&#8212;<\/div>\n<div dir=\"auto\" style=\"text-align: justify;\">La Fiscal\u00eda General de la Rep\u00fablica (FGR) en Veracruz obtuvo de un juez de Control auto de vinculaci\u00f3n a proceso contra Danah\u00e9 \u201cN\u201d, por su probable participaci\u00f3n en el delito de desocupaci\u00f3n de domicilio fiscal.<\/div>\n<div dir=\"auto\" style=\"text-align: justify;\">&#8212;&#8212;&#8212;&#8212;&#8212;&#8212;&#8212;&#8212;&#8212;&#8212;&#8212;&#8212;&#8212;&#8212;&#8212;&#8212;<\/div>\n<div dir=\"auto\" style=\"text-align: justify;\">El agente del Ministerio P\u00fablico de la Federaci\u00f3n (AMPF), adscrito a la la Fiscal\u00eda Especializada de Control Regional (FECOR), aport\u00f3 datos de prueba suficientes, ante el juez de Control del Centro de Justicia Penal Federal en la entidad, quien dict\u00f3 vinculaci\u00f3n a proceso en contra de Danah\u00e9 \u201cN\u201d y otorg\u00f3 dos meses de plazo para la investigaci\u00f3n complementaria.<\/div>\n<div dir=\"auto\" style=\"text-align: justify;\">&#8212;&#8212;&#8212;&#8212;&#8212;&#8212;&#8212;&#8212;&#8212;&#8212;&#8212;&#8212;&#8212;&#8212;&#8212;&#8212;-<\/div>\n<div dir=\"auto\" style=\"text-align: justify;\">De acuerdo con los hechos, y en atenci\u00f3n a una denuncia por parte del apoderado legal del Servicio de Administraci\u00f3n Tributaria de Veracruz, la Fiscal\u00eda Especializada de Control Regional (FECOR) inici\u00f3 una investigaci\u00f3n contra Danahe \u201cN\u201d, quien en su car\u00e1cter de representante legal de una empresa privada, luego de que se le notificara un cr\u00e9dito fiscal, desocup\u00f3 el domicilio fiscal que ten\u00eda declarado, sin dar aviso al Registro Federal de Contribuyentes, lo que provoc\u00f3 que la autoridad hacendaria no pudiera ejercer sus funciones recaudatorias.<\/div>\n<div dir=\"auto\" style=\"text-align: justify;\">&#8212;&#8212;&#8212;&#8212;&#8212;&#8212;&#8212;&#8212;&#8212;&#8212;&#8212;&#8212;&#8212;&#8212;&#8212;&#8212;<\/div>\n<div dir=\"auto\" style=\"text-align: justify;\">A la persona mencionada en este comunicado se le presume inocente, mientras no exista sentencia condenatoria emitida por la autoridad judicial competente.<\/div>\n<div dir=\"auto\" style=\"text-align: justify;\">&#8212;&#8212;&#8212;&#8212;&#8212;&#8212;&#8212;&#8212;&#8212;&#8212;&#8212;&#8212;&#8212;&#8212;&#8212;&#8212;<\/div>\n<div dir=\"auto\" style=\"text-align: justify;\">Con estas acciones, la FGR reafirma el compromiso con la sociedad para la investigaci\u00f3n y persecuci\u00f3n de los delitos en materia federal, \u00a0por lo que se invita a la ciudadan\u00eda, a que denuncie las 24 horas de los 365 d\u00edas del a\u00f1o, de forma presencial o an\u00f3nima, en las instalaciones de la Fiscal\u00eda General de la Rep\u00fablica en Veracruz, con domicilio en Av. J.B. Lobos n\u00famero 684, Colonia Reserva territorial \u201cEl Coyol\u201d, C.P. 91779, Veracruz, Ver, tel\u00e9fono 2299896334, correo electr\u00f3nico vua.veracruz@fgr.org.mx.<\/div>\n<div id=\"x_ms-outlook-mobile-body-separator-line\" dir=\"auto\" data-applydefaultfontstyles=\"true\">\n<div dir=\"auto\" style=\"text-align: justify;\"><\/div>\n<\/div>\n","protected":false},"excerpt":{"rendered":"<p>Comunicado FGR DPE\/3858\/2026 H. Veracruz, Veracruz, 1 de septiembre de 2026 OBTIENE FGR VINCULACI\u00d3N A PROCESO CONTRA UNA PERSONA POR LA PROBABLE COMISI\u00d3N DE UN DELITO FISCAL EN VERACRUZ &#8212;&#8212;&#8212;&#8212;&#8212;&#8212;&#8212;&#8212;&#8212;&#8212;&#8212;&#8212;&#8212;&#8212;&#8212;&#8212; La Fiscal\u00eda General de la Rep\u00fablica (FGR) en Veracruz obtuvo de un juez de Control auto de vinculaci\u00f3n a proceso contra Danah\u00e9 \u201cN\u201d, por su [&hellip;]<\/p>\n","protected":false},"author":1,"featured_media":9319,"comment_status":"closed","ping_status":"closed","sticky":false,"template":"","format":"standard","meta":{"_jetpack_memberships_contains_paid_content":false,"footnotes":"","jetpack_publicize_message":"","jetpack_publicize_feature_enabled":true,"jetpack_social_post_already_shared":true,"jetpack_social_options":{"image_generator_settings":{"template":"highway","default_image_id":0,"font":"","enabled":false},"version":2}},"categories":[6],"tags":[62],"class_list":["post-9347","post","type-post","status-publish","format-standard","has-post-thumbnail","hentry","category-noticia-policiaca","tag-fgr"],"jetpack_publicize_connections":[],"jetpack_featured_media_url":"https:\/\/revistaenfoquepolitico.com\/wp-content\/uploads\/2026\/09\/IMG-20260821-WA0203.jpg","jetpack_sharing_enabled":true,"_links":{"self":[{"href":"https:\/\/revistaenfoquepolitico.com\/index.php\/wp-json\/wp\/v2\/posts\/9347","targetHints":{"allow":["GET"]}}],"collection":[{"href":"https:\/\/revistaenfoquepolitico.com\/index.php\/wp-json\/wp\/v2\/posts"}],"about":[{"href":"https:\/\/revistaenfoquepolitico.com\/index.php\/wp-json\/wp\/v2\/types\/post"}],"author":[{"embeddable":true,"href":"https:\/\/revistaenfoquepolitico.com\/index.php\/wp-json\/wp\/v2\/users\/1"}],"replies":[{"embeddable":true,"href":"https:\/\/revistaenfoquepolitico.com\/index.php\/wp-json\/wp\/v2\/comments?post=9347"}],"version-history":[{"count":2,"href":"https:\/\/revistaenfoquepolitico.com\/index.php\/wp-json\/wp\/v2\/posts\/9347\/revisions"}],"predecessor-version":[{"id":9355,"href":"https:\/\/revistaenfoquepolitico.com\/index.php\/wp-json\/wp\/v2\/posts\/9347\/revisions\/9355"}],"wp:featuredmedia":[{"embeddable":true,"href":"https:\/\/revistaenfoquepolitico.com\/index.php\/wp-json\/wp\/v2\/media\/9319"}],"wp:attachment":[{"href":"https:\/\/revistaenfoquepolitico.com\/index.php\/wp-json\/wp\/v2\/media?parent=9347"}],"wp:term":[{"taxonomy":"category","embeddable":true,"href":"https:\/\/revistaenfoquepolitico.com\/index.php\/wp-json\/wp\/v2\/categories?post=9347"},{"taxonomy":"post_tag","embeddable":true,"href":"https:\/\/revistaenfoquepolitico.com\/index.php\/wp-json\/wp\/v2\/tags?post=9347"}],"curies":[{"name":"wp","href":"https:\/\/api.w.org\/{rel}","templated":true}]}}