{"id":9349,"date":"2026-09-03T00:31:39","date_gmt":"2026-09-03T06:31:39","guid":{"rendered":"https:\/\/revistaenfoquepolitico.com\/?p=9349"},"modified":"2026-09-03T00:31:39","modified_gmt":"2026-09-03T06:31:39","slug":"obtiene-fgr-vinculacion-a-proceso-contra-dos-personas-por-probable-operacion-de-maquinas-tragamonedas-en-veracruz","status":"publish","type":"post","link":"https:\/\/revistaenfoquepolitico.com\/index.php\/2026\/09\/03\/obtiene-fgr-vinculacion-a-proceso-contra-dos-personas-por-probable-operacion-de-maquinas-tragamonedas-en-veracruz\/","title":{"rendered":"OBTIENE FGR VINCULACI\u00d3N A PROCESO CONTRA DOS PERSONAS POR PROBABLE OPERACI\u00d3N DE M\u00c1QUINAS TRAGAMONEDAS EN VERACRUZ"},"content":{"rendered":"<div dir=\"auto\" data-olk-copy-source=\"MessageBody\">Comunicado FGR DPE\/3882\/2026<\/div>\n<div dir=\"auto\">H. Veracruz, Veracruz, 2 de septiembre de 2026<\/div>\n<div dir=\"auto\" aria-hidden=\"true\"><\/div>\n<div dir=\"auto\" style=\"text-align: justify;\">La Fiscal\u00eda General de la Rep\u00fablica (FGR) en Veracruz obtuvo de una jueza de control auto de vinculaci\u00f3n a proceso contra Rosa \u201cN\u201d y Alberto \u201cN\u201d, por su probable participaci\u00f3n en el delito de juegos prohibidos y\/o con apuestas, sin la autorizaci\u00f3n de la Secretar\u00eda de Gobernaci\u00f3n (SEGOB).<\/div>\n<div dir=\"auto\" style=\"text-align: justify;\" aria-hidden=\"true\">&#8212;&#8212;&#8212;&#8212;&#8212;&#8212;&#8212;&#8212;&#8212;&#8212;&#8212;&#8212;&#8212;&#8212;&#8212;&#8212;-<\/div>\n<div dir=\"auto\" style=\"text-align: justify;\">Despu\u00e9s de agotar las l\u00edneas de investigaci\u00f3n, el Ministerio P\u00fablico Federal, adscrito a la Fiscal\u00eda Especializada de Control Regional (FECOR), aport\u00f3 datos de prueba suficientes ante la jueza de control del Centro de Justicia Penal Federal en la entidad, quien vincul\u00f3 a proceso a Rosa \u201cN\u201d y Alberto \u201cN\u201d, por su probable participaci\u00f3n en el delito referido y otorg\u00f3 un plazo de dos meses para el cierre de la investigaci\u00f3n complementaria.<\/div>\n<div dir=\"auto\" style=\"text-align: justify;\" aria-hidden=\"true\">&#8212;&#8212;&#8212;&#8212;&#8212;&#8212;&#8212;&#8212;&#8212;&#8212;&#8212;&#8212;&#8212;&#8212;&#8212;&#8212;-<\/div>\n<div dir=\"auto\" style=\"text-align: justify;\">Rosa \u201cN\u201d fue detenida durante la ejecuci\u00f3n de una orden de cateo en un establecimiento ubicado en el municipio de Perote, donde autoridades policiales, peritos especializados y el agente del Ministerio P\u00fablico Federal (MPF) aseguraron 25 m\u00e1quinas tragamonedas, dos monitores negros, una impresora t\u00e9rmica, dos m\u00f3dems color negro y el inmueble de inter\u00e9s.<\/div>\n<div dir=\"auto\" style=\"text-align: justify;\" aria-hidden=\"true\">&#8212;&#8212;&#8212;&#8212;&#8212;&#8212;&#8212;&#8212;&#8212;&#8212;&#8212;&#8212;&#8212;&#8212;&#8212;&#8212;-<\/div>\n<div dir=\"auto\" style=\"text-align: justify;\">Durante el desarrollo de los actos de investigaci\u00f3n, la Fiscal\u00eda Especializada de Control Regional en el estado estableci\u00f3 la probable participaci\u00f3n de Alberto \u201cN\u201d, propietario del inmueble donde se ejecut\u00f3 el cateo, y que celebr\u00f3 un contrato de arrendamiento a favor de Rosa \u201cN\u201d.<\/div>\n<div dir=\"auto\" style=\"text-align: justify;\" aria-hidden=\"true\">&#8212;&#8212;&#8212;&#8212;&#8212;&#8212;&#8212;&#8212;&#8212;&#8212;&#8212;&#8212;&#8212;&#8212;&#8212;&#8212;-<\/div>\n<div dir=\"auto\" style=\"text-align: justify;\">A las personas mencionadas en este comunicado se les presume inocentes, mientras no exista sentencia condenatoria emitida por la autoridad judicial competente.<\/div>\n<div dir=\"auto\" style=\"text-align: justify;\" aria-hidden=\"true\">&#8212;&#8212;&#8212;&#8212;&#8212;&#8212;&#8212;&#8212;&#8212;&#8212;&#8212;&#8212;&#8212;&#8212;&#8212;&#8212;&#8211;<\/div>\n<div dir=\"auto\" style=\"text-align: justify;\">Con estas acciones, la FGR reafirma el compromiso con la sociedad para la investigaci\u00f3n y persecuci\u00f3n de los delitos en materia federal, \u00a0por lo que se invita a la ciudadan\u00eda, a que denuncie las 24 horas de los 365 d\u00edas del a\u00f1o, de forma presencial o an\u00f3nima, en las instalaciones de la Fiscal\u00eda General de la Rep\u00fablica en Veracruz, con domicilio en Av. J.B. Lobos n\u00famero 684, Colonia Reserva territorial \u201cEl Coyol\u201d, C.P. 91779, Veracruz, Ver, tel\u00e9fono 2299896334, correo electr\u00f3nico vua.veracruz@fgr.org.mx.<\/div>\n<div id=\"x_ms-outlook-mobile-body-separator-line\" dir=\"auto\" data-applydefaultfontstyles=\"true\">\n<div dir=\"auto\" style=\"text-align: justify;\"><img loading=\"lazy\" decoding=\"async\" class=\"aligncenter size-medium wp-image-9351\" src=\"https:\/\/revistaenfoquepolitico.com\/wp-content\/uploads\/2026\/09\/IMG-20260902-WA0145-225x300.jpg\" alt=\"\" width=\"225\" height=\"300\" srcset=\"https:\/\/revistaenfoquepolitico.com\/wp-content\/uploads\/2026\/09\/IMG-20260902-WA0145-225x300.jpg 225w, https:\/\/revistaenfoquepolitico.com\/wp-content\/uploads\/2026\/09\/IMG-20260902-WA0145.jpg 432w\" sizes=\"auto, (max-width: 225px) 100vw, 225px\" \/><\/div>\n<div dir=\"auto\">&#8212;&#8212;&#8212;&#8212;&#8212;&#8212;&#8212;&#8212;&#8212;&#8212;&#8212;&#8212;&#8212;&#8212;&#8212;&#8212;&#8212;<\/div>\n<div dir=\"auto\"><img loading=\"lazy\" decoding=\"async\" class=\"aligncenter size-medium wp-image-9352\" src=\"https:\/\/revistaenfoquepolitico.com\/wp-content\/uploads\/2026\/09\/IMG-20260902-WA0147-191x300.jpg\" alt=\"\" width=\"191\" height=\"300\" srcset=\"https:\/\/revistaenfoquepolitico.com\/wp-content\/uploads\/2026\/09\/IMG-20260902-WA0147-191x300.jpg 191w, https:\/\/revistaenfoquepolitico.com\/wp-content\/uploads\/2026\/09\/IMG-20260902-WA0147-651x1024.jpg 651w, https:\/\/revistaenfoquepolitico.com\/wp-content\/uploads\/2026\/09\/IMG-20260902-WA0147.jpg 676w\" sizes=\"auto, (max-width: 191px) 100vw, 191px\" \/><\/div>\n<div dir=\"auto\">&#8212;&#8212;&#8212;&#8212;&#8212;&#8212;&#8212;&#8212;&#8212;&#8212;&#8212;&#8212;&#8212;&#8212;&#8212;&#8212;&#8212;-<\/div>\n<div dir=\"auto\"><img loading=\"lazy\" decoding=\"async\" class=\"aligncenter size-medium wp-image-9353\" src=\"https:\/\/revistaenfoquepolitico.com\/wp-content\/uploads\/2026\/09\/IMG-20260902-WA0149-225x300.jpg\" alt=\"\" width=\"225\" height=\"300\" srcset=\"https:\/\/revistaenfoquepolitico.com\/wp-content\/uploads\/2026\/09\/IMG-20260902-WA0149-225x300.jpg 225w, https:\/\/revistaenfoquepolitico.com\/wp-content\/uploads\/2026\/09\/IMG-20260902-WA0149-768x1024.jpg 768w, https:\/\/revistaenfoquepolitico.com\/wp-content\/uploads\/2026\/09\/IMG-20260902-WA0149.jpg 960w\" sizes=\"auto, (max-width: 225px) 100vw, 225px\" \/><\/div>\n<\/div>\n","protected":false},"excerpt":{"rendered":"<p>Comunicado FGR DPE\/3882\/2026 H. Veracruz, Veracruz, 2 de septiembre de 2026 La Fiscal\u00eda General de la Rep\u00fablica (FGR) en Veracruz obtuvo de una jueza de control auto de vinculaci\u00f3n a proceso contra Rosa \u201cN\u201d y Alberto \u201cN\u201d, por su probable participaci\u00f3n en el delito de juegos prohibidos y\/o con apuestas, sin la autorizaci\u00f3n de la [&hellip;]<\/p>\n","protected":false},"author":1,"featured_media":9319,"comment_status":"closed","ping_status":"closed","sticky":false,"template":"","format":"standard","meta":{"_jetpack_memberships_contains_paid_content":false,"footnotes":"","jetpack_publicize_message":"","jetpack_publicize_feature_enabled":true,"jetpack_social_post_already_shared":true,"jetpack_social_options":{"image_generator_settings":{"template":"highway","default_image_id":0,"font":"","enabled":false},"version":2}},"categories":[6],"tags":[62],"class_list":["post-9349","post","type-post","status-publish","format-standard","has-post-thumbnail","hentry","category-noticia-policiaca","tag-fgr"],"jetpack_publicize_connections":[],"jetpack_featured_media_url":"https:\/\/revistaenfoquepolitico.com\/wp-content\/uploads\/2026\/09\/IMG-20260821-WA0203.jpg","jetpack_sharing_enabled":true,"_links":{"self":[{"href":"https:\/\/revistaenfoquepolitico.com\/index.php\/wp-json\/wp\/v2\/posts\/9349","targetHints":{"allow":["GET"]}}],"collection":[{"href":"https:\/\/revistaenfoquepolitico.com\/index.php\/wp-json\/wp\/v2\/posts"}],"about":[{"href":"https:\/\/revistaenfoquepolitico.com\/index.php\/wp-json\/wp\/v2\/types\/post"}],"author":[{"embeddable":true,"href":"https:\/\/revistaenfoquepolitico.com\/index.php\/wp-json\/wp\/v2\/users\/1"}],"replies":[{"embeddable":true,"href":"https:\/\/revistaenfoquepolitico.com\/index.php\/wp-json\/wp\/v2\/comments?post=9349"}],"version-history":[{"count":1,"href":"https:\/\/revistaenfoquepolitico.com\/index.php\/wp-json\/wp\/v2\/posts\/9349\/revisions"}],"predecessor-version":[{"id":9354,"href":"https:\/\/revistaenfoquepolitico.com\/index.php\/wp-json\/wp\/v2\/posts\/9349\/revisions\/9354"}],"wp:featuredmedia":[{"embeddable":true,"href":"https:\/\/revistaenfoquepolitico.com\/index.php\/wp-json\/wp\/v2\/media\/9319"}],"wp:attachment":[{"href":"https:\/\/revistaenfoquepolitico.com\/index.php\/wp-json\/wp\/v2\/media?parent=9349"}],"wp:term":[{"taxonomy":"category","embeddable":true,"href":"https:\/\/revistaenfoquepolitico.com\/index.php\/wp-json\/wp\/v2\/categories?post=9349"},{"taxonomy":"post_tag","embeddable":true,"href":"https:\/\/revistaenfoquepolitico.com\/index.php\/wp-json\/wp\/v2\/tags?post=9349"}],"curies":[{"name":"wp","href":"https:\/\/api.w.org\/{rel}","templated":true}]}}