{"id":9356,"date":"2026-09-03T00:39:31","date_gmt":"2026-09-03T06:39:31","guid":{"rendered":"https:\/\/revistaenfoquepolitico.com\/?p=9356"},"modified":"2026-09-03T00:39:31","modified_gmt":"2026-09-03T06:39:31","slug":"obtiene-fgr-sentencia-condenatoria-contra-alvaro-n","status":"publish","type":"post","link":"https:\/\/revistaenfoquepolitico.com\/index.php\/2026\/09\/03\/obtiene-fgr-sentencia-condenatoria-contra-alvaro-n\/","title":{"rendered":"OBTIENE FGR SENTENCIA CONDENATORIA CONTRA ALVARO \u00abN\u00bb"},"content":{"rendered":"<div dir=\"auto\" data-olk-copy-source=\"MessageBody\">Comunicado FGR DPE\/3887\/2026<\/div>\n<div dir=\"auto\">H. Veracruz, Veracruz, 2 de septiembre de 2026<\/div>\n<div dir=\"auto\" aria-hidden=\"true\"><\/div>\n<div dir=\"auto\" style=\"text-align: justify;\">Obtiene FGR sentencia \u00a0condenatoria contra una persona por portaci\u00f3n de arma de uso exclusivo de las Fuerzas Armadas<\/div>\n<div dir=\"auto\" style=\"text-align: justify;\">&#8212;&#8212;&#8212;&#8212;&#8212;&#8212;&#8212;&#8212;&#8212;&#8212;&#8212;&#8212;&#8212;&#8212;&#8212;&#8212;-<\/div>\n<div dir=\"auto\" style=\"text-align: justify;\">Al acreditar su responsabilidad penal en la comisi\u00f3n del delito de portaci\u00f3n de arma de fuego de uso exclusivo de la Fuerza Armada Permanente, la Fiscal\u00eda General de la Rep\u00fablica (FGR) en Veracruz obtuvo sentencia de cuatro a\u00f1os de prisi\u00f3n contra \u00c1lvaro \u201cN\u201d.<\/div>\n<div dir=\"auto\" style=\"text-align: justify;\" aria-hidden=\"true\">&#8212;&#8212;&#8212;&#8212;&#8212;&#8212;&#8212;&#8212;&#8212;&#8212;&#8212;&#8212;&#8212;&#8212;&#8212;&#8212;&#8211;<\/div>\n<div dir=\"auto\" style=\"text-align: justify;\">Una vez integrada la investigaci\u00f3n, el agente del Ministerio P\u00fablico de la Federaci\u00f3n adscrito a la Fiscal\u00eda Especializada de Control Regional (FECOR) aport\u00f3 datos de pruebas suficientes ante el juez de Control del Centro de Justicia Penal Federal en la entidad, quien dict\u00f3 la sentencia referida, la cual incluye el pago de una multa de 100 Unidades de Medida y Actualizaci\u00f3n (UMAS), equivalente a 11 mil 314 pesos.<\/div>\n<div dir=\"auto\" style=\"text-align: justify;\" aria-hidden=\"true\">&#8212;&#8212;&#8212;&#8212;&#8212;&#8212;&#8212;&#8212;&#8212;&#8212;&#8212;&#8212;&#8212;&#8212;&#8212;&#8212;-<\/div>\n<div dir=\"auto\" style=\"text-align: justify;\">De acuerdo con los hechos, en atenci\u00f3n a un reporte al Centro de Comando (C2), elementos de la Polic\u00eda Municipal (PM) de Xalapa detuvieron a \u00c1lvaro \u201cN\u201d cuando conduc\u00eda armado un veh\u00edculo, unidad en la que los polic\u00edas encontraron, en el piso de la parte trasera, un arma de fuego corta tipo pistola, con su respectivo cargador y seis municiones \u00fatiles al calibre.<\/div>\n<div dir=\"auto\" style=\"text-align: justify;\" aria-hidden=\"true\">&#8212;&#8212;&#8212;&#8212;&#8212;&#8212;&#8212;&#8212;&#8212;&#8212;&#8212;&#8212;&#8212;&#8212;&#8212;&#8212;<\/div>\n<div dir=\"auto\" style=\"text-align: justify;\">La detenci\u00f3n la llevaron a cabo los elementos policiales en la colonia Revoluci\u00f3n del municipio de Xalapa; \u00c1lvaro \u201cN\u201d y los objetos asegurados fueron puestos a disposici\u00f3n de Fiscal\u00eda Especializada de Control Regional (FECOR) en el estado.<\/div>\n<div dir=\"auto\" style=\"text-align: justify;\" aria-hidden=\"true\">&#8212;&#8212;&#8212;&#8212;&#8212;&#8212;&#8212;&#8212;&#8212;&#8212;&#8212;&#8212;&#8212;&#8212;&#8212;&#8212;<\/div>\n<div dir=\"auto\" style=\"text-align: justify;\">Con estas acciones, la FGR reafirma el compromiso con la sociedad para la investigaci\u00f3n y persecuci\u00f3n de los delitos en materia federal, \u00a0por lo que se invita a la ciudadan\u00eda, a que denuncie las 24 horas de los 365 d\u00edas del a\u00f1o, de forma presencial o an\u00f3nima, en las instalaciones de la Fiscal\u00eda General de la Rep\u00fablica en Veracruz, con domicilio en Av. J.B. Lobos n\u00famero 684, Colonia Reserva territorial \u201cEl Coyol\u201d, C.P. 91779, Veracruz, Ver, tel\u00e9fono 2299896334, correo electr\u00f3nico vua.veracruz@fgr.org.mx.<\/div>\n<div id=\"x_ms-outlook-mobile-body-separator-line\" dir=\"auto\" data-applydefaultfontstyles=\"true\">\n<div dir=\"auto\" style=\"text-align: justify;\"><\/div>\n<\/div>\n","protected":false},"excerpt":{"rendered":"<p>Comunicado FGR DPE\/3887\/2026 H. Veracruz, Veracruz, 2 de septiembre de 2026 Obtiene FGR sentencia \u00a0condenatoria contra una persona por portaci\u00f3n de arma de uso exclusivo de las Fuerzas Armadas &#8212;&#8212;&#8212;&#8212;&#8212;&#8212;&#8212;&#8212;&#8212;&#8212;&#8212;&#8212;&#8212;&#8212;&#8212;&#8212;- Al acreditar su responsabilidad penal en la comisi\u00f3n del delito de portaci\u00f3n de arma de fuego de uso exclusivo de la Fuerza Armada Permanente, la [&hellip;]<\/p>\n","protected":false},"author":1,"featured_media":9319,"comment_status":"closed","ping_status":"closed","sticky":false,"template":"","format":"standard","meta":{"_jetpack_memberships_contains_paid_content":false,"footnotes":"","jetpack_publicize_message":"","jetpack_publicize_feature_enabled":true,"jetpack_social_post_already_shared":true,"jetpack_social_options":{"image_generator_settings":{"template":"highway","default_image_id":0,"font":"","enabled":false},"version":2}},"categories":[6],"tags":[62],"class_list":["post-9356","post","type-post","status-publish","format-standard","has-post-thumbnail","hentry","category-noticia-policiaca","tag-fgr"],"jetpack_publicize_connections":[],"jetpack_featured_media_url":"https:\/\/revistaenfoquepolitico.com\/wp-content\/uploads\/2026\/09\/IMG-20260821-WA0203.jpg","jetpack_sharing_enabled":true,"_links":{"self":[{"href":"https:\/\/revistaenfoquepolitico.com\/index.php\/wp-json\/wp\/v2\/posts\/9356","targetHints":{"allow":["GET"]}}],"collection":[{"href":"https:\/\/revistaenfoquepolitico.com\/index.php\/wp-json\/wp\/v2\/posts"}],"about":[{"href":"https:\/\/revistaenfoquepolitico.com\/index.php\/wp-json\/wp\/v2\/types\/post"}],"author":[{"embeddable":true,"href":"https:\/\/revistaenfoquepolitico.com\/index.php\/wp-json\/wp\/v2\/users\/1"}],"replies":[{"embeddable":true,"href":"https:\/\/revistaenfoquepolitico.com\/index.php\/wp-json\/wp\/v2\/comments?post=9356"}],"version-history":[{"count":1,"href":"https:\/\/revistaenfoquepolitico.com\/index.php\/wp-json\/wp\/v2\/posts\/9356\/revisions"}],"predecessor-version":[{"id":9357,"href":"https:\/\/revistaenfoquepolitico.com\/index.php\/wp-json\/wp\/v2\/posts\/9356\/revisions\/9357"}],"wp:featuredmedia":[{"embeddable":true,"href":"https:\/\/revistaenfoquepolitico.com\/index.php\/wp-json\/wp\/v2\/media\/9319"}],"wp:attachment":[{"href":"https:\/\/revistaenfoquepolitico.com\/index.php\/wp-json\/wp\/v2\/media?parent=9356"}],"wp:term":[{"taxonomy":"category","embeddable":true,"href":"https:\/\/revistaenfoquepolitico.com\/index.php\/wp-json\/wp\/v2\/categories?post=9356"},{"taxonomy":"post_tag","embeddable":true,"href":"https:\/\/revistaenfoquepolitico.com\/index.php\/wp-json\/wp\/v2\/tags?post=9356"}],"curies":[{"name":"wp","href":"https:\/\/api.w.org\/{rel}","templated":true}]}}