{"id":9358,"date":"2026-09-03T00:47:42","date_gmt":"2026-09-03T06:47:42","guid":{"rendered":"https:\/\/revistaenfoquepolitico.com\/?p=9358"},"modified":"2026-09-03T00:47:42","modified_gmt":"2026-09-03T06:47:42","slug":"atiende-rosa-maria-demanda-ciudadana-de-mas-de-30-anos-con-obra-en-la-lopez-mateos","status":"publish","type":"post","link":"https:\/\/revistaenfoquepolitico.com\/index.php\/2026\/09\/03\/atiende-rosa-maria-demanda-ciudadana-de-mas-de-30-anos-con-obra-en-la-lopez-mateos\/","title":{"rendered":"ATIENDE ROSA MAR\u00cdA DEMANDA CIUDADANA DE M\u00c1S DE 30 A\u00d1OS CON OBRA EN LA L\u00d3PEZ MATEOS"},"content":{"rendered":"<div dir=\"auto\" data-olk-copy-source=\"MessageBody\">02 de septiembre de 2026<\/div>\n<div dir=\"auto\">Bolet\u00edn Informativo<\/div>\n<div dir=\"auto\"><\/div>\n<div dir=\"auto\" style=\"text-align: justify;\">*La alcaldesa de Veracruz impulsa la limpieza del canal pluvial y pavimentaci\u00f3n de la calle Jim\u00e9nez Sur para mejorar el desalojo de agua y la movilidad, en beneficio de alrededor de siete mil 500 personas*<\/div>\n<div dir=\"auto\" style=\"text-align: justify;\">&#8212;&#8212;&#8212;&#8212;&#8212;&#8212;&#8212;&#8212;&#8212;&#8212;&#8212;&#8212;&#8212;&#8212;&#8212;&#8212;<\/div>\n<div dir=\"auto\" style=\"text-align: justify;\"><img loading=\"lazy\" decoding=\"async\" class=\"alignleft size-medium wp-image-9359\" src=\"https:\/\/revistaenfoquepolitico.com\/wp-content\/uploads\/2026\/09\/IMG-20260902-WA0232-300x169.jpg\" alt=\"\" width=\"300\" height=\"169\" srcset=\"https:\/\/revistaenfoquepolitico.com\/wp-content\/uploads\/2026\/09\/IMG-20260902-WA0232-300x169.jpg 300w, https:\/\/revistaenfoquepolitico.com\/wp-content\/uploads\/2026\/09\/IMG-20260902-WA0232-1024x576.jpg 1024w, https:\/\/revistaenfoquepolitico.com\/wp-content\/uploads\/2026\/09\/IMG-20260902-WA0232-768x432.jpg 768w, https:\/\/revistaenfoquepolitico.com\/wp-content\/uploads\/2026\/09\/IMG-20260902-WA0232.jpg 1280w\" sizes=\"auto, (max-width: 300px) 100vw, 300px\" \/>La alcaldesa de Veracruz, Rosa Mar\u00eda Hern\u00e1ndez Espejo, supervis\u00f3 el avance de los trabajos de limpieza integral del canal pluvial Jim\u00e9nez y pavimentaci\u00f3n asf\u00e1ltica en la colonia Adolfo L\u00f3pez Mateos, obra que atiende una demanda hist\u00f3rica de m\u00e1s de 30 a\u00f1os y beneficiar\u00e1 a m\u00e1s de siete mil 500 habitantes.<\/div>\n<div dir=\"auto\" style=\"text-align: justify;\">&#8212;&#8212;&#8212;&#8212;&#8212;&#8212;&#8212;&#8212;&#8212;&#8212;&#8212;&#8212;&#8212;&#8212;&#8212;&#8212;<\/div>\n<div dir=\"auto\" style=\"text-align: justify;\"><img loading=\"lazy\" decoding=\"async\" class=\"alignright size-medium wp-image-9361\" src=\"https:\/\/revistaenfoquepolitico.com\/wp-content\/uploads\/2026\/09\/IMG-20260902-WA0233-300x200.jpg\" alt=\"\" width=\"300\" height=\"200\" srcset=\"https:\/\/revistaenfoquepolitico.com\/wp-content\/uploads\/2026\/09\/IMG-20260902-WA0233-300x200.jpg 300w, https:\/\/revistaenfoquepolitico.com\/wp-content\/uploads\/2026\/09\/IMG-20260902-WA0233-1024x683.jpg 1024w, https:\/\/revistaenfoquepolitico.com\/wp-content\/uploads\/2026\/09\/IMG-20260902-WA0233-768x512.jpg 768w, https:\/\/revistaenfoquepolitico.com\/wp-content\/uploads\/2026\/09\/IMG-20260902-WA0233.jpg 1280w\" sizes=\"auto, (max-width: 300px) 100vw, 300px\" \/>Los trabajos permitir\u00e1n mejorar la conducci\u00f3n del agua durante la temporada de lluvias y reducir riesgos de encharcamientos, mientras que la pavimentaci\u00f3n favorecer\u00e1 el tr\u00e1nsito vehicular y peatonal, generando condiciones m\u00e1s seguras para quienes habitan y transitan diariamente por esta zona de la ciudad.<\/div>\n<div dir=\"auto\" style=\"text-align: justify;\">&#8212;&#8212;&#8212;&#8212;&#8212;&#8212;&#8212;&#8212;&#8212;&#8212;&#8212;&#8212;&#8212;&#8212;&#8212;&#8212;<\/div>\n<div dir=\"auto\" style=\"text-align: justify;\">La intervenci\u00f3n contempla la limpieza integral del canal pluvial Jim\u00e9nez y la pavimentaci\u00f3n asf\u00e1ltica de la calle Jim\u00e9nez Sur, en el tramo que va de Mangos Tristes hacia Callej\u00f3n Sin Nombre, adem\u00e1s de otras acciones complementarias para mejorar las condiciones del entorno urbano.<\/div>\n<div dir=\"auto\" style=\"text-align: justify;\">&#8212;&#8212;&#8212;&#8212;&#8212;&#8212;&#8212;&#8212;&#8212;&#8212;&#8212;&#8212;&#8212;&#8212;&#8212;&#8212;-<\/div>\n<div dir=\"auto\" style=\"text-align: justify;\"><img loading=\"lazy\" decoding=\"async\" class=\"alignleft size-medium wp-image-9361\" src=\"https:\/\/revistaenfoquepolitico.com\/wp-content\/uploads\/2026\/09\/IMG-20260902-WA0233-300x200.jpg\" alt=\"\" width=\"300\" height=\"200\" srcset=\"https:\/\/revistaenfoquepolitico.com\/wp-content\/uploads\/2026\/09\/IMG-20260902-WA0233-300x200.jpg 300w, https:\/\/revistaenfoquepolitico.com\/wp-content\/uploads\/2026\/09\/IMG-20260902-WA0233-1024x683.jpg 1024w, https:\/\/revistaenfoquepolitico.com\/wp-content\/uploads\/2026\/09\/IMG-20260902-WA0233-768x512.jpg 768w, https:\/\/revistaenfoquepolitico.com\/wp-content\/uploads\/2026\/09\/IMG-20260902-WA0233.jpg 1280w\" sizes=\"auto, (max-width: 300px) 100vw, 300px\" \/>Durante el recorrido, la presidenta municipal estuvo acompa\u00f1ada por \u00d3scar Rodr\u00edguez Hern\u00e1ndez, director general del Consejo Consultivo Ciudadano del Instituto Metropolitano del Agua (IMA), cuya participaci\u00f3n contribuye a fortalecer la coordinaci\u00f3n y el seguimiento de las acciones relacionadas con la infraestructura pluvial, adem\u00e1s de conocer las necesidades planteadas por los vecinos.<\/div>\n<div dir=\"auto\" style=\"text-align: justify;\">&#8212;&#8212;&#8212;&#8212;&#8212;&#8212;&#8212;&#8212;&#8212;&#8212;&#8212;&#8212;&#8212;&#8212;&#8212;&#8212;-<\/div>\n<div dir=\"auto\" style=\"text-align: justify;\">Asimismo, vecinas y vecinos de la colonia L\u00f3pez Mateos celebraron que el gobierno municipal atienda esta a\u00f1eja problem\u00e1tica y destacaron la importancia de mantener una comunicaci\u00f3n permanente con el Ayuntamiento para dar seguimiento a las necesidades de la zona, a trav\u00e9s de Enlace Ciudadano A.C., organizaci\u00f3n de vecinos de la zona.<\/div>\n<div id=\"x_ms-outlook-mobile-body-separator-line\" dir=\"auto\" data-applydefaultfontstyles=\"true\">\n<div dir=\"auto\" style=\"text-align: justify;\"><\/div>\n<\/div>\n","protected":false},"excerpt":{"rendered":"<p>02 de septiembre de 2026 Bolet\u00edn Informativo *La alcaldesa de Veracruz impulsa la limpieza del canal pluvial y pavimentaci\u00f3n de la calle Jim\u00e9nez Sur para mejorar el desalojo de agua y la movilidad, en beneficio de alrededor de siete mil 500 personas* &#8212;&#8212;&#8212;&#8212;&#8212;&#8212;&#8212;&#8212;&#8212;&#8212;&#8212;&#8212;&#8212;&#8212;&#8212;&#8212; La alcaldesa de Veracruz, Rosa Mar\u00eda Hern\u00e1ndez Espejo, supervis\u00f3 el avance de [&hellip;]<\/p>\n","protected":false},"author":1,"featured_media":9362,"comment_status":"closed","ping_status":"closed","sticky":false,"template":"","format":"standard","meta":{"_jetpack_memberships_contains_paid_content":false,"footnotes":"","jetpack_publicize_message":"","jetpack_publicize_feature_enabled":true,"jetpack_social_post_already_shared":true,"jetpack_social_options":{"image_generator_settings":{"template":"highway","default_image_id":0,"font":"","enabled":false},"version":2}},"categories":[4],"tags":[72],"class_list":["post-9358","post","type-post","status-publish","format-standard","has-post-thumbnail","hentry","category-noticia-politica","tag-rosa-maria-presidenta-de-veracruz"],"jetpack_publicize_connections":[],"jetpack_featured_media_url":"https:\/\/revistaenfoquepolitico.com\/wp-content\/uploads\/2026\/09\/IMG-20260902-WA0238.jpg","jetpack_sharing_enabled":true,"_links":{"self":[{"href":"https:\/\/revistaenfoquepolitico.com\/index.php\/wp-json\/wp\/v2\/posts\/9358","targetHints":{"allow":["GET"]}}],"collection":[{"href":"https:\/\/revistaenfoquepolitico.com\/index.php\/wp-json\/wp\/v2\/posts"}],"about":[{"href":"https:\/\/revistaenfoquepolitico.com\/index.php\/wp-json\/wp\/v2\/types\/post"}],"author":[{"embeddable":true,"href":"https:\/\/revistaenfoquepolitico.com\/index.php\/wp-json\/wp\/v2\/users\/1"}],"replies":[{"embeddable":true,"href":"https:\/\/revistaenfoquepolitico.com\/index.php\/wp-json\/wp\/v2\/comments?post=9358"}],"version-history":[{"count":1,"href":"https:\/\/revistaenfoquepolitico.com\/index.php\/wp-json\/wp\/v2\/posts\/9358\/revisions"}],"predecessor-version":[{"id":9363,"href":"https:\/\/revistaenfoquepolitico.com\/index.php\/wp-json\/wp\/v2\/posts\/9358\/revisions\/9363"}],"wp:featuredmedia":[{"embeddable":true,"href":"https:\/\/revistaenfoquepolitico.com\/index.php\/wp-json\/wp\/v2\/media\/9362"}],"wp:attachment":[{"href":"https:\/\/revistaenfoquepolitico.com\/index.php\/wp-json\/wp\/v2\/media?parent=9358"}],"wp:term":[{"taxonomy":"category","embeddable":true,"href":"https:\/\/revistaenfoquepolitico.com\/index.php\/wp-json\/wp\/v2\/categories?post=9358"},{"taxonomy":"post_tag","embeddable":true,"href":"https:\/\/revistaenfoquepolitico.com\/index.php\/wp-json\/wp\/v2\/tags?post=9358"}],"curies":[{"name":"wp","href":"https:\/\/api.w.org\/{rel}","templated":true}]}}