{"id":9364,"date":"2026-09-03T00:54:33","date_gmt":"2026-09-03T06:54:33","guid":{"rendered":"https:\/\/revistaenfoquepolitico.com\/?p=9364"},"modified":"2026-09-03T00:54:33","modified_gmt":"2026-09-03T06:54:33","slug":"infonavit-entrega-viviendas-del-bienestar","status":"publish","type":"post","link":"https:\/\/revistaenfoquepolitico.com\/index.php\/2026\/09\/03\/infonavit-entrega-viviendas-del-bienestar\/","title":{"rendered":"INFONAVIT ENTREGA VIVIENDAS DEL BIENESTAR"},"content":{"rendered":"<div dir=\"auto\" data-olk-copy-source=\"MessageBody\">Comunicado #047<\/div>\n<div dir=\"auto\">Villa de \u00c1lvarez, Colima, a 02 de septiembre de 2026.<\/div>\n<div dir=\"auto\" aria-hidden=\"true\"><\/div>\n<div dir=\"auto\">INFONAVIT ENTREGA VIVIENDAS DEL BIENESTAR EN COLIMA<\/div>\n<div dir=\"auto\" aria-hidden=\"true\">&#8212;&#8212;&#8212;&#8212;&#8212;&#8212;&#8212;&#8212;&#8212;&#8212;&#8212;&#8212;&#8212;&#8212;&#8212;&#8212;-<\/div>\n<div dir=\"auto\">\u2022 La meta de construcci\u00f3n en la entidad pas\u00f3 de 15 mil a 20 mil hogares, de los cuales ya se est\u00e1n construyendo 6 mil.<\/div>\n<div dir=\"auto\">&#8212;&#8212;&#8212;&#8212;&#8212;&#8212;&#8212;&#8212;&#8212;&#8212;&#8212;&#8212;&#8212;&#8212;&#8212;&#8212;<\/div>\n<div dir=\"auto\">\u2022 Se inform\u00f3 que de los 4 millones 856 mil cr\u00e9ditos impagables que fueron reestructurados a nivel nacional, m\u00e1s de 50 mil corresponden a familias de la entidad.<\/div>\n<div dir=\"auto\" aria-hidden=\"true\">&#8212;&#8212;&#8212;&#8212;&#8212;&#8212;&#8212;&#8212;&#8212;&#8212;&#8212;&#8212;&#8212;&#8212;&#8212;&#8212;-<\/div>\n<div dir=\"auto\" style=\"text-align: justify;\"><img loading=\"lazy\" decoding=\"async\" class=\"alignleft size-medium wp-image-9365\" src=\"https:\/\/revistaenfoquepolitico.com\/wp-content\/uploads\/2026\/09\/IMG-20260902-WA0176-300x181.jpg\" alt=\"\" width=\"300\" height=\"181\" srcset=\"https:\/\/revistaenfoquepolitico.com\/wp-content\/uploads\/2026\/09\/IMG-20260902-WA0176-300x181.jpg 300w, https:\/\/revistaenfoquepolitico.com\/wp-content\/uploads\/2026\/09\/IMG-20260902-WA0176-1024x619.jpg 1024w, https:\/\/revistaenfoquepolitico.com\/wp-content\/uploads\/2026\/09\/IMG-20260902-WA0176-768x464.jpg 768w, https:\/\/revistaenfoquepolitico.com\/wp-content\/uploads\/2026\/09\/IMG-20260902-WA0176.jpg 1280w\" sizes=\"auto, (max-width: 300px) 100vw, 300px\" \/>El director general del INFONAVIT, Octavio Romero Oropeza, junto con la titular de la Sedatu, Edna Elena Vega Rangel, y la secretaria de Infraestructura, Desarrollo Urbano y Movilidad de Colima, Marisol Neri Le\u00f3n, en representaci\u00f3n de la gobernadora Indira Vizca\u00edno Silva, entregaron viviendas en el fraccionamiento \u201cInfonavit La Fortuna\u201d, en Villa de \u00c1lvarez, como parte del Programa de Vivienda para el Bienestar. Este desarrollo contempla 237 viviendas.<\/div>\n<div dir=\"auto\" style=\"text-align: justify;\" aria-hidden=\"true\">&#8212;&#8212;&#8212;&#8212;&#8212;&#8212;&#8212;&#8212;&#8212;&#8212;&#8212;&#8212;&#8212;&#8212;&#8212;&#8212;-<\/div>\n<div dir=\"auto\" style=\"text-align: justify;\">Romero Oropeza detall\u00f3 que, a nivel nacional, se tienen:<\/div>\n<div dir=\"auto\" style=\"text-align: justify;\">&#8211; 467 desarrollos aprobados, equivalentes a 542 mil 833 viviendas, el 45% de avance de la meta sexenal.<\/div>\n<div dir=\"auto\" style=\"text-align: justify;\">&#8211; 220 mil 500 viviendas en construcci\u00f3n y 37 mil 900 han sido colocadas.<\/div>\n<div dir=\"auto\" style=\"text-align: justify;\">&#8211; 43 conjuntos habitacionales vendidos al 100% y en septiembre se abrir\u00e1n 7 fraccionamientos m\u00e1s.<\/div>\n<div dir=\"auto\" style=\"text-align: justify;\" aria-hidden=\"true\">&#8212;&#8212;&#8212;&#8212;&#8212;&#8212;&#8212;&#8212;&#8212;&#8212;&#8212;&#8212;&#8212;&#8212;&#8212;&#8212;<\/div>\n<div dir=\"auto\" style=\"text-align: justify;\">Sobre la implementaci\u00f3n del programa en Colima, inform\u00f3 que:<\/div>\n<div dir=\"auto\" style=\"text-align: justify;\">&#8211; La meta pas\u00f3 de 15 mil a 20 mil viviendas.<\/div>\n<div dir=\"auto\" style=\"text-align: justify;\">&#8211; Ya se est\u00e1n construyendo 6 mil viviendas y casi 8 mil m\u00e1s se sumar\u00e1n en los pr\u00f3ximos meses, alcanzando el 70% de la meta.<\/div>\n<div dir=\"auto\" style=\"text-align: justify;\" aria-hidden=\"true\">&#8212;&#8212;&#8212;&#8212;&#8212;&#8212;&#8212;&#8212;&#8212;&#8212;&#8212;&#8212;&#8212;&#8212;&#8212;&#8212;<\/div>\n<div dir=\"auto\" style=\"text-align: justify;\">Inform\u00f3 que, con el programa INFONAVIT Soluci\u00f3n Integral se reestructuraron 4 millones 856 mil cr\u00e9ditos impagables a nivel nacional y, en Colima, m\u00e1s de 50 mil familias fueron beneficiadas con reducciones en su tasa de inter\u00e9s, mensualidad, saldo o la liquidaci\u00f3n total de su financiamiento. Adem\u00e1s, anunci\u00f3 que a m\u00e1s de 40 mil derechohabientes que ya liquidaron su cr\u00e9dito se les liberar\u00e1 su hipoteca de manera gratuita.<\/div>\n<div dir=\"auto\" style=\"text-align: justify;\" aria-hidden=\"true\">&#8212;&#8212;&#8212;&#8212;&#8212;&#8212;&#8212;&#8212;&#8212;&#8212;&#8212;&#8212;&#8212;&#8212;&#8212;&#8212;<\/div>\n<div dir=\"auto\" style=\"text-align: justify;\">En su intervenci\u00f3n, la titular de Sedatu, Edna Vega Rangel, destac\u00f3 que el programa de vivienda es hist\u00f3rico, al atender el bienestar de las personas mediante la construcci\u00f3n de vivienda, apoyos de mejoramiento, entrega de escrituras y reestructuras de los cr\u00e9ditos del pasado que eran impagables. Esta iniciativa de la Presidenta beneficiar\u00e1 a m\u00e1s de 12 millones de familias durante el sexenio.<\/div>\n<div dir=\"auto\" style=\"text-align: justify;\" aria-hidden=\"true\">&#8212;&#8212;&#8212;&#8212;&#8212;&#8212;&#8212;&#8212;&#8212;&#8212;&#8212;&#8212;&#8212;&#8212;&#8212;&#8212;<\/div>\n<div dir=\"auto\" style=\"text-align: justify;\">Por su parte, la secretaria de Infraestructura, Desarrollo Urbano y Movilidad de Colima, Marisol Neri Le\u00f3n, agradeci\u00f3 a la Presidenta Claudia Sheinbaum por impulsar este programa, en el que INFONAVIT junto con los gobiernos locales, hace realidad el sue\u00f1o de las familias colimenses de tener su propio hogar.<\/div>\n<div dir=\"auto\" style=\"text-align: justify;\" aria-hidden=\"true\">&#8212;&#8212;&#8212;&#8212;&#8212;&#8212;&#8212;&#8212;&#8212;&#8212;&#8212;&#8212;&#8212;&#8212;&#8212;&#8212;-<\/div>\n<div dir=\"auto\" style=\"text-align: justify;\">Esta es la tercera entrega de viviendas que se lleva a cabo en Colima por parte del INFONAVIT y la n\u00famero 43 a nivel nacional, en el marco del programa que contempla la edificaci\u00f3n de 1 mill\u00f3n 200 mil viviendas en el pa\u00eds por parte del Instituto para los derechohabientes de menores ingresos.<\/div>\n","protected":false},"excerpt":{"rendered":"<p>Comunicado #047 Villa de \u00c1lvarez, Colima, a 02 de septiembre de 2026. INFONAVIT ENTREGA VIVIENDAS DEL BIENESTAR EN COLIMA &#8212;&#8212;&#8212;&#8212;&#8212;&#8212;&#8212;&#8212;&#8212;&#8212;&#8212;&#8212;&#8212;&#8212;&#8212;&#8212;- \u2022 La meta de construcci\u00f3n en la entidad pas\u00f3 de 15 mil a 20 mil hogares, de los cuales ya se est\u00e1n construyendo 6 mil. &#8212;&#8212;&#8212;&#8212;&#8212;&#8212;&#8212;&#8212;&#8212;&#8212;&#8212;&#8212;&#8212;&#8212;&#8212;&#8212; \u2022 Se inform\u00f3 que de los 4 millones 856 [&hellip;]<\/p>\n","protected":false},"author":1,"featured_media":9366,"comment_status":"closed","ping_status":"closed","sticky":false,"template":"","format":"standard","meta":{"_jetpack_memberships_contains_paid_content":false,"footnotes":"","jetpack_publicize_message":"","jetpack_publicize_feature_enabled":true,"jetpack_social_post_already_shared":true,"jetpack_social_options":{"image_generator_settings":{"template":"highway","default_image_id":0,"font":"","enabled":false},"version":2}},"categories":[4],"tags":[21],"class_list":["post-9364","post","type-post","status-publish","format-standard","has-post-thumbnail","hentry","category-noticia-politica","tag-infonavit-veracruz"],"jetpack_publicize_connections":[],"jetpack_featured_media_url":"https:\/\/revistaenfoquepolitico.com\/wp-content\/uploads\/2026\/09\/IMG-20260902-WA0179.jpg","jetpack_sharing_enabled":true,"_links":{"self":[{"href":"https:\/\/revistaenfoquepolitico.com\/index.php\/wp-json\/wp\/v2\/posts\/9364","targetHints":{"allow":["GET"]}}],"collection":[{"href":"https:\/\/revistaenfoquepolitico.com\/index.php\/wp-json\/wp\/v2\/posts"}],"about":[{"href":"https:\/\/revistaenfoquepolitico.com\/index.php\/wp-json\/wp\/v2\/types\/post"}],"author":[{"embeddable":true,"href":"https:\/\/revistaenfoquepolitico.com\/index.php\/wp-json\/wp\/v2\/users\/1"}],"replies":[{"embeddable":true,"href":"https:\/\/revistaenfoquepolitico.com\/index.php\/wp-json\/wp\/v2\/comments?post=9364"}],"version-history":[{"count":1,"href":"https:\/\/revistaenfoquepolitico.com\/index.php\/wp-json\/wp\/v2\/posts\/9364\/revisions"}],"predecessor-version":[{"id":9367,"href":"https:\/\/revistaenfoquepolitico.com\/index.php\/wp-json\/wp\/v2\/posts\/9364\/revisions\/9367"}],"wp:featuredmedia":[{"embeddable":true,"href":"https:\/\/revistaenfoquepolitico.com\/index.php\/wp-json\/wp\/v2\/media\/9366"}],"wp:attachment":[{"href":"https:\/\/revistaenfoquepolitico.com\/index.php\/wp-json\/wp\/v2\/media?parent=9364"}],"wp:term":[{"taxonomy":"category","embeddable":true,"href":"https:\/\/revistaenfoquepolitico.com\/index.php\/wp-json\/wp\/v2\/categories?post=9364"},{"taxonomy":"post_tag","embeddable":true,"href":"https:\/\/revistaenfoquepolitico.com\/index.php\/wp-json\/wp\/v2\/tags?post=9364"}],"curies":[{"name":"wp","href":"https:\/\/api.w.org\/{rel}","templated":true}]}}