{"id":9368,"date":"2026-09-03T01:10:38","date_gmt":"2026-09-03T07:10:38","guid":{"rendered":"https:\/\/revistaenfoquepolitico.com\/?p=9368"},"modified":"2026-09-03T01:10:38","modified_gmt":"2026-09-03T07:10:38","slug":"pronta-respuesta-de-proteccion-civil-tras-accidente-de-autobus","status":"publish","type":"post","link":"https:\/\/revistaenfoquepolitico.com\/index.php\/2026\/09\/03\/pronta-respuesta-de-proteccion-civil-tras-accidente-de-autobus\/","title":{"rendered":"PRONTA RESPUESTA DE PROTECCI\u00d3N CIVIL TRAS ACCIDENTE DE AUTOBUS"},"content":{"rendered":"<div dir=\"auto\" data-olk-copy-source=\"MessageBody\"><strong>Pronta respuesta de Protecci\u00f3n Civil tras accidente de autob\u00fas que dej\u00f3 ocho lesionados en Medell\u00edn de Bravo<\/strong><\/div>\n<div dir=\"auto\">&#8212;&#8212;&#8212;&#8212;&#8212;&#8212;&#8212;&#8212;&#8212;&#8212;&#8212;&#8212;&#8212;&#8212;&#8212;&#8212;-<\/div>\n<div dir=\"auto\">Medell\u00edn de Bravo, Ver.<\/div>\n<div dir=\"auto\"><\/div>\n<div dir=\"auto\" style=\"text-align: justify;\">El director de Gobernaci\u00f3n del Ayuntamiento de Medell\u00edn de Bravo, Santos \u00c1lvarez, inform\u00f3 sobre el accidente registrado con un autob\u00fas de la ruta 121, que dej\u00f3 ocho personas lesionadas en un fraccionamiento de reciente creaci\u00f3n, ubicado a la altura de Lagos de Puente Moreno.<\/div>\n<div dir=\"auto\" style=\"text-align: justify;\">&#8212;&#8212;&#8212;&#8212;&#8212;&#8212;&#8212;&#8212;&#8212;&#8212;&#8212;&#8212;&#8212;&#8212;&#8212;&#8212;-<\/div>\n<div dir=\"auto\" style=\"text-align: justify;\"><img loading=\"lazy\" decoding=\"async\" class=\"alignleft size-medium wp-image-9369\" src=\"https:\/\/revistaenfoquepolitico.com\/wp-content\/uploads\/2026\/09\/IMG-20260902-WA0230-300x225.jpg\" alt=\"\" width=\"300\" height=\"225\" srcset=\"https:\/\/revistaenfoquepolitico.com\/wp-content\/uploads\/2026\/09\/IMG-20260902-WA0230-300x225.jpg 300w, https:\/\/revistaenfoquepolitico.com\/wp-content\/uploads\/2026\/09\/IMG-20260902-WA0230-1024x768.jpg 1024w, https:\/\/revistaenfoquepolitico.com\/wp-content\/uploads\/2026\/09\/IMG-20260902-WA0230-768x576.jpg 768w, https:\/\/revistaenfoquepolitico.com\/wp-content\/uploads\/2026\/09\/IMG-20260902-WA0230-1536x1152.jpg 1536w, https:\/\/revistaenfoquepolitico.com\/wp-content\/uploads\/2026\/09\/IMG-20260902-WA0230.jpg 1600w\" sizes=\"auto, (max-width: 300px) 100vw, 300px\" \/>\u00c1lvarez explic\u00f3 que, de acuerdo con los primeros testimonios, el conductor de la unidad habr\u00eda circulado a una velocidad considerable y presuntamente no se percat\u00f3 de un tope ubicado sobre la vialidad. El propio operador habr\u00eda se\u00f1alado que recientemente fue cambiado de ruta y que era pr\u00e1cticamente la primera vez que circulaba por esa calle.<\/div>\n<div dir=\"auto\" style=\"text-align: justify;\">&#8212;&#8212;&#8212;&#8212;&#8212;&#8212;&#8212;&#8212;&#8212;&#8212;&#8212;&#8212;&#8212;&#8212;&#8212;&#8212;<\/div>\n<div dir=\"auto\" style=\"text-align: justify;\">El funcionario indic\u00f3 que algunos ciudadanos se\u00f1alaron que el autob\u00fas circulaba aproximadamente a 80 kil\u00f3metros por hora, una velocidad que consider\u00f3 elevada para una vialidad de este tipo, particularmente al existir un reductor de velocidad en la zona.<\/div>\n<div dir=\"auto\" style=\"text-align: justify;\">&#8212;&#8212;&#8212;&#8212;&#8212;&#8212;&#8212;&#8212;&#8212;&#8212;&#8212;&#8212;&#8212;&#8212;&#8212;&#8212;&#8211;<\/div>\n<div dir=\"auto\" style=\"text-align: justify;\">En cuanto a las personas lesionadas, Santos \u00c1lvarez detall\u00f3 que seis presentaron golpes y esguinces, mientras que otras dos se encontraban en condici\u00f3n delicada, debido a que no se descartaban posibles fracturas.<\/div>\n<div dir=\"auto\" style=\"text-align: justify;\">&#8212;&#8212;&#8212;&#8212;&#8212;&#8212;&#8212;&#8212;&#8212;&#8212;&#8212;&#8212;&#8212;&#8212;&#8212;&#8212;-<\/div>\n<div dir=\"auto\" style=\"text-align: justify;\"><img loading=\"lazy\" decoding=\"async\" class=\"alignright size-medium wp-image-9370\" src=\"https:\/\/revistaenfoquepolitico.com\/wp-content\/uploads\/2026\/09\/IMG-20260902-WA0226-300x225.jpg\" alt=\"\" width=\"300\" height=\"225\" srcset=\"https:\/\/revistaenfoquepolitico.com\/wp-content\/uploads\/2026\/09\/IMG-20260902-WA0226-300x225.jpg 300w, https:\/\/revistaenfoquepolitico.com\/wp-content\/uploads\/2026\/09\/IMG-20260902-WA0226-768x575.jpg 768w, https:\/\/revistaenfoquepolitico.com\/wp-content\/uploads\/2026\/09\/IMG-20260902-WA0226.jpg 960w\" sizes=\"auto, (max-width: 300px) 100vw, 300px\" \/>Ante la emergencia, la Direcci\u00f3n de Protecci\u00f3n Civil Municipal, a cargo de Daniel Romero, respondi\u00f3 de manera inmediata y despleg\u00f3 tres ambulancias, cuyos param\u00e9dicos brindaron atenci\u00f3n prehospitalaria a los pasajeros. Elementos de la Polic\u00eda Municipal tambi\u00e9n acudieron para apoyar en las labores de auxilio y seguridad en el lugar.<\/div>\n<div dir=\"auto\" style=\"text-align: justify;\">&#8212;&#8212;&#8212;&#8212;&#8212;&#8212;&#8212;&#8212;&#8212;&#8212;&#8212;&#8212;&#8212;&#8212;&#8212;&#8212;<\/div>\n<div dir=\"auto\" style=\"text-align: justify;\">Los lesionados fueron trasladados posteriormente a hospitales de Boca del R\u00edo para continuar con su valoraci\u00f3n m\u00e9dica, mientras que la aseguradora de la l\u00ednea de transporte se encargar\u00eda de dar seguimiento a la atenci\u00f3n de los pasajeros.<\/div>\n<div dir=\"auto\" style=\"text-align: justify;\">&#8212;&#8212;&#8212;&#8212;&#8212;&#8212;&#8212;&#8212;&#8212;&#8212;&#8212;&#8212;&#8212;&#8212;&#8212;&#8212;<\/div>\n<div dir=\"auto\" style=\"text-align: justify;\">Santos \u00c1lvarez explic\u00f3 que el fraccionamiento donde ocurri\u00f3 el accidente es una zona nueva que todav\u00eda no ha sido entregada al municipio, por lo que el Ayuntamiento dar\u00e1 seguimiento a las condiciones de seguridad de la vialidad.<\/div>\n<div dir=\"auto\" style=\"text-align: justify;\">&#8212;&#8212;&#8212;&#8212;&#8212;&#8212;&#8212;&#8212;&#8212;&#8212;&#8212;&#8212;&#8212;&#8212;&#8212;&#8212;<\/div>\n<div dir=\"auto\" style=\"text-align: justify;\">En ese sentido, adelant\u00f3 que se realizar\u00e1 un exhorto a la constructora para que coloque los se\u00f1alamientos necesarios y pinte los topes, ya que es importante que sean visibles para los conductores y as\u00ed evitar que se repitan accidentes como el ocurrido.<\/div>\n<div id=\"x_ms-outlook-mobile-body-separator-line\" dir=\"auto\" data-applydefaultfontstyles=\"true\">\n<div dir=\"auto\" style=\"text-align: justify;\"><\/div>\n<\/div>\n","protected":false},"excerpt":{"rendered":"<p>Pronta respuesta de Protecci\u00f3n Civil tras accidente de autob\u00fas que dej\u00f3 ocho lesionados en Medell\u00edn de Bravo &#8212;&#8212;&#8212;&#8212;&#8212;&#8212;&#8212;&#8212;&#8212;&#8212;&#8212;&#8212;&#8212;&#8212;&#8212;&#8212;- Medell\u00edn de Bravo, Ver. El director de Gobernaci\u00f3n del Ayuntamiento de Medell\u00edn de Bravo, Santos \u00c1lvarez, inform\u00f3 sobre el accidente registrado con un autob\u00fas de la ruta 121, que dej\u00f3 ocho personas lesionadas en un fraccionamiento de [&hellip;]<\/p>\n","protected":false},"author":1,"featured_media":9371,"comment_status":"closed","ping_status":"closed","sticky":false,"template":"","format":"standard","meta":{"_jetpack_memberships_contains_paid_content":false,"footnotes":"","jetpack_publicize_message":"","jetpack_publicize_feature_enabled":true,"jetpack_social_post_already_shared":true,"jetpack_social_options":{"image_generator_settings":{"template":"highway","default_image_id":0,"font":"","enabled":false},"version":2}},"categories":[4],"tags":[73],"class_list":["post-9368","post","type-post","status-publish","format-standard","has-post-thumbnail","hentry","category-noticia-politica","tag-samuel-acosta-alcalde-de-medellin"],"jetpack_publicize_connections":[],"jetpack_featured_media_url":"https:\/\/revistaenfoquepolitico.com\/wp-content\/uploads\/2026\/09\/IMG-20260902-WA0229.jpg","jetpack_sharing_enabled":true,"_links":{"self":[{"href":"https:\/\/revistaenfoquepolitico.com\/index.php\/wp-json\/wp\/v2\/posts\/9368","targetHints":{"allow":["GET"]}}],"collection":[{"href":"https:\/\/revistaenfoquepolitico.com\/index.php\/wp-json\/wp\/v2\/posts"}],"about":[{"href":"https:\/\/revistaenfoquepolitico.com\/index.php\/wp-json\/wp\/v2\/types\/post"}],"author":[{"embeddable":true,"href":"https:\/\/revistaenfoquepolitico.com\/index.php\/wp-json\/wp\/v2\/users\/1"}],"replies":[{"embeddable":true,"href":"https:\/\/revistaenfoquepolitico.com\/index.php\/wp-json\/wp\/v2\/comments?post=9368"}],"version-history":[{"count":1,"href":"https:\/\/revistaenfoquepolitico.com\/index.php\/wp-json\/wp\/v2\/posts\/9368\/revisions"}],"predecessor-version":[{"id":9372,"href":"https:\/\/revistaenfoquepolitico.com\/index.php\/wp-json\/wp\/v2\/posts\/9368\/revisions\/9372"}],"wp:featuredmedia":[{"embeddable":true,"href":"https:\/\/revistaenfoquepolitico.com\/index.php\/wp-json\/wp\/v2\/media\/9371"}],"wp:attachment":[{"href":"https:\/\/revistaenfoquepolitico.com\/index.php\/wp-json\/wp\/v2\/media?parent=9368"}],"wp:term":[{"taxonomy":"category","embeddable":true,"href":"https:\/\/revistaenfoquepolitico.com\/index.php\/wp-json\/wp\/v2\/categories?post=9368"},{"taxonomy":"post_tag","embeddable":true,"href":"https:\/\/revistaenfoquepolitico.com\/index.php\/wp-json\/wp\/v2\/tags?post=9368"}],"curies":[{"name":"wp","href":"https:\/\/api.w.org\/{rel}","templated":true}]}}