{"id":9379,"date":"2026-09-05T21:45:31","date_gmt":"2026-09-06T03:45:31","guid":{"rendered":"https:\/\/revistaenfoquepolitico.com\/?p=9379"},"modified":"2026-09-05T21:45:31","modified_gmt":"2026-09-06T03:45:31","slug":"la-presidenta-claudia-sheinbaum-esta-en-contra-del-nepotismo","status":"publish","type":"post","link":"https:\/\/revistaenfoquepolitico.com\/index.php\/2026\/09\/05\/la-presidenta-claudia-sheinbaum-esta-en-contra-del-nepotismo\/","title":{"rendered":"LA PRESIDENTA CLAUDIA SHEINBAUM EST\u00c1 EN CONTRA DEL NEPOTISMO"},"content":{"rendered":"<div dir=\"auto\" data-olk-copy-source=\"MessageBody\"><strong>M\u00e1s claro\u2026<\/strong><\/div>\n<div dir=\"auto\"><strong>Por: Felipe Mendiola Parra<\/strong><\/div>\n<div dir=\"auto\" aria-hidden=\"true\"><\/div>\n<div dir=\"auto\"><strong>LA PRESIDENTA CLAUDIA SHEINBAUM EST\u00c1 EN CONTRA DEL NEPOTISMO<\/strong><\/div>\n<div dir=\"auto\">&#8212;&#8212;&#8212;&#8212;&#8212;&#8212;&#8212;&#8212;&#8212;&#8212;&#8212;&#8212;&#8212;&#8212;&#8212;&#8212;&#8211;<\/div>\n<div dir=\"auto\" style=\"text-align: justify;\">En repetidas ocasiones la presidenta Claudia Sheinbaum se ha manifestado en contra del nepotismo, adem\u00e1s, ha promovido reformas constitucionales para que funcionarios y pol\u00edticos no hereden cargos p\u00fablicos a sus hijo, sobrinos o nietos.<\/div>\n<div dir=\"auto\" style=\"text-align: justify;\">&#8212;&#8212;&#8212;&#8212;&#8212;&#8212;&#8212;&#8212;&#8212;&#8212;&#8212;&#8212;&#8212;&#8212;&#8212;&#8212;&#8211;<\/div>\n<div dir=\"auto\" style=\"text-align: justify;\">En la pol\u00edtica nacional y, seguramente en otros pa\u00edses, las se\u00f1as, las insinuaciones o tan solo los gestos tienen un gran valor para el resto del equipo, es una lectura que forzosamente tienen que aprender quienes se dedican a esta actividad y los que no logran entenderlo, sencillamente se van rezagando o de plano son ignorados.<\/div>\n<div dir=\"auto\" style=\"text-align: justify;\">&#8212;&#8212;&#8212;&#8212;&#8212;&#8212;&#8212;&#8212;&#8212;&#8212;&#8212;&#8212;&#8212;&#8212;&#8212;&#8212;<\/div>\n<div dir=\"auto\" style=\"text-align: justify;\">A veces no es necesario girar una instrucci\u00f3n por escrito, tan solo una mirada, una sonrisa o una palmada en la espalda est\u00e1 confirmando o negando una petici\u00f3n. Eso lo han aprendido los que han buscado candidaturas.<\/div>\n<div dir=\"auto\" style=\"text-align: justify;\">&#8212;&#8212;&#8212;&#8212;&#8212;&#8212;&#8212;&#8212;&#8212;&#8212;&#8212;&#8212;&#8212;&#8212;&#8212;&#8212;&#8211;<\/div>\n<div dir=\"auto\" style=\"text-align: justify;\">Bueno, si la presidenta dice que no acepta el nepotismo, se supone que el resto de su equipo lo debe entender y llevar a cabo esa acci\u00f3n, pero eso no es lo que est\u00e1 sucediendo en el estado de Veracruz.<\/div>\n<div dir=\"auto\" style=\"text-align: justify;\">&#8212;&#8212;&#8212;&#8212;&#8212;&#8212;&#8212;&#8212;&#8212;&#8212;&#8212;&#8212;&#8212;&#8212;&#8212;&#8212;&#8212;-<\/div>\n<div dir=\"auto\" style=\"text-align: justify;\">En una de sus conferencias ma\u00f1aneras del pueblo, Claudia Sheinbaum destac\u00f3 que, respecto al nepotismo, el l\u00edmite de consanguineidad y la restricci\u00f3n abarca hasta el cuarto nivel de parentesco. Esto incluye expl\u00edcitamente a esposas, c\u00f3nyuges, padres, hijos, hermanos, primos y t\u00edos.<\/div>\n<div dir=\"auto\" style=\"text-align: justify;\">&#8212;&#8212;&#8212;&#8212;&#8212;&#8212;&#8212;&#8212;&#8212;&#8212;&#8212;&#8212;&#8212;&#8212;&#8212;&#8212;-<\/div>\n<div dir=\"auto\" style=\"text-align: justify;\">Que los sobrinos del ex presidente Andr\u00e9s Manuel L\u00f3pez Obrador (Erandi Isabel, Tarheni Andrea y Pedro Arturo L\u00f3pez Herrer\u00eda) est\u00e9n trabajando y en la n\u00f3mina del Gobierno del Estado, refleja que no se est\u00e1 interpretando debidamente la pol\u00edtica en esta materia que propone la presidenta.<\/div>\n<div dir=\"auto\" style=\"text-align: justify;\">&#8212;&#8212;&#8212;&#8212;&#8212;&#8212;&#8212;&#8212;&#8212;&#8212;&#8212;&#8212;&#8212;&#8212;&#8212;&#8212;&#8212;<\/div>\n<div dir=\"auto\" style=\"text-align: justify;\">Como la informaci\u00f3n viaja a la velocidad de la luz, es evidente que la presidenta est\u00e1 enterada de lo que sucede en tierras veracruzanas y su pr\u00f3xima visita ser\u00e1 el 10 de septiembre para presentar su Segundo Informe de Gobierno.<\/div>\n<div dir=\"auto\" style=\"text-align: justify;\">&#8212;&#8212;&#8212;&#8212;&#8212;&#8212;&#8212;&#8212;&#8212;&#8212;&#8212;&#8212;&#8212;&#8212;&#8212;&#8212;&#8211;<\/div>\n<div dir=\"auto\" style=\"text-align: justify;\">Como siempre los veracruzanos sabremos darle la bienvenida y esperamos que ahora s\u00ed salude a todos los presentes en esa ceremonia que se realizar\u00e1 en la zona conurbada.<\/div>\n<div dir=\"auto\" style=\"text-align: justify;\"><\/div>\n<div dir=\"auto\" style=\"text-align: justify;\">M\u00e1s claro ni el agua.<\/div>\n<div id=\"x_ms-outlook-mobile-body-separator-line\" dir=\"auto\" data-applydefaultfontstyles=\"true\">\n<div dir=\"auto\" style=\"text-align: justify;\"><\/div>\n<\/div>\n","protected":false},"excerpt":{"rendered":"<p>M\u00e1s claro\u2026 Por: Felipe Mendiola Parra LA PRESIDENTA CLAUDIA SHEINBAUM EST\u00c1 EN CONTRA DEL NEPOTISMO &#8212;&#8212;&#8212;&#8212;&#8212;&#8212;&#8212;&#8212;&#8212;&#8212;&#8212;&#8212;&#8212;&#8212;&#8212;&#8212;&#8211; En repetidas ocasiones la presidenta Claudia Sheinbaum se ha manifestado en contra del nepotismo, adem\u00e1s, ha promovido reformas constitucionales para que funcionarios y pol\u00edticos no hereden cargos p\u00fablicos a sus hijo, sobrinos o nietos. &#8212;&#8212;&#8212;&#8212;&#8212;&#8212;&#8212;&#8212;&#8212;&#8212;&#8212;&#8212;&#8212;&#8212;&#8212;&#8212;&#8211; En la pol\u00edtica nacional [&hellip;]<\/p>\n","protected":false},"author":1,"featured_media":9380,"comment_status":"closed","ping_status":"closed","sticky":false,"template":"","format":"standard","meta":{"_jetpack_memberships_contains_paid_content":false,"footnotes":"","jetpack_publicize_message":"","jetpack_publicize_feature_enabled":true,"jetpack_social_post_already_shared":true,"jetpack_social_options":{"image_generator_settings":{"template":"highway","default_image_id":0,"font":"","enabled":false},"version":2}},"categories":[65],"tags":[81],"class_list":["post-9379","post","type-post","status-publish","format-standard","has-post-thumbnail","hentry","category-columna","tag-felipe-mendiola-parra"],"jetpack_publicize_connections":[],"jetpack_featured_media_url":"https:\/\/revistaenfoquepolitico.com\/wp-content\/uploads\/2026\/09\/IMG-20260902-WA0267.jpg","jetpack_sharing_enabled":true,"_links":{"self":[{"href":"https:\/\/revistaenfoquepolitico.com\/index.php\/wp-json\/wp\/v2\/posts\/9379","targetHints":{"allow":["GET"]}}],"collection":[{"href":"https:\/\/revistaenfoquepolitico.com\/index.php\/wp-json\/wp\/v2\/posts"}],"about":[{"href":"https:\/\/revistaenfoquepolitico.com\/index.php\/wp-json\/wp\/v2\/types\/post"}],"author":[{"embeddable":true,"href":"https:\/\/revistaenfoquepolitico.com\/index.php\/wp-json\/wp\/v2\/users\/1"}],"replies":[{"embeddable":true,"href":"https:\/\/revistaenfoquepolitico.com\/index.php\/wp-json\/wp\/v2\/comments?post=9379"}],"version-history":[{"count":1,"href":"https:\/\/revistaenfoquepolitico.com\/index.php\/wp-json\/wp\/v2\/posts\/9379\/revisions"}],"predecessor-version":[{"id":9381,"href":"https:\/\/revistaenfoquepolitico.com\/index.php\/wp-json\/wp\/v2\/posts\/9379\/revisions\/9381"}],"wp:featuredmedia":[{"embeddable":true,"href":"https:\/\/revistaenfoquepolitico.com\/index.php\/wp-json\/wp\/v2\/media\/9380"}],"wp:attachment":[{"href":"https:\/\/revistaenfoquepolitico.com\/index.php\/wp-json\/wp\/v2\/media?parent=9379"}],"wp:term":[{"taxonomy":"category","embeddable":true,"href":"https:\/\/revistaenfoquepolitico.com\/index.php\/wp-json\/wp\/v2\/categories?post=9379"},{"taxonomy":"post_tag","embeddable":true,"href":"https:\/\/revistaenfoquepolitico.com\/index.php\/wp-json\/wp\/v2\/tags?post=9379"}],"curies":[{"name":"wp","href":"https:\/\/api.w.org\/{rel}","templated":true}]}}