{"id":9382,"date":"2026-09-05T21:51:59","date_gmt":"2026-09-06T03:51:59","guid":{"rendered":"https:\/\/revistaenfoquepolitico.com\/?p=9382"},"modified":"2026-09-05T21:57:57","modified_gmt":"2026-09-06T03:57:57","slug":"brindara-profeco-atencion-a-la-ciudadania","status":"publish","type":"post","link":"https:\/\/revistaenfoquepolitico.com\/index.php\/2026\/09\/05\/brindara-profeco-atencion-a-la-ciudadania\/","title":{"rendered":"BRINDAR\u00c1 PROFECO ATENCI\u00d3N A LA CIUDADAN\u00cdA"},"content":{"rendered":"<div dir=\"auto\" data-olk-copy-source=\"MessageBody\">04 de septiembre de 2026<\/div>\n<div dir=\"auto\">Aviso Informativo<\/div>\n<div dir=\"auto\"><\/div>\n<div dir=\"auto\" style=\"text-align: justify;\">*Brindar\u00e1 PROFECO atenci\u00f3n a la ciudadan\u00eda en el D\u00eda del Pueblo del Ayuntamiento de Veracruz*<\/div>\n<div dir=\"auto\" style=\"text-align: justify;\">&#8212;&#8212;&#8212;&#8212;&#8212;&#8212;&#8212;&#8212;&#8212;&#8212;&#8212;&#8212;&#8212;&#8212;&#8212;&#8212;<\/div>\n<div dir=\"auto\" style=\"text-align: justify;\">Como parte de las acciones emprendidas por la alcaldesa de Veracruz, Rosa Mar\u00eda Hern\u00e1ndez Espejo, para acercar servicios y atenci\u00f3n a la ciudadan\u00eda, el pr\u00f3ximo D\u00eda del Pueblo contar\u00e1 con la participaci\u00f3n de la Procuradur\u00eda Federal del Consumidor (PROFECO), el 7 de septiembre, de 16:00 a 18:00 horas.<\/div>\n<div dir=\"auto\" style=\"text-align: justify;\">&#8212;&#8212;&#8212;&#8212;&#8212;&#8212;&#8212;&#8212;&#8212;&#8212;&#8212;&#8212;&#8212;&#8212;&#8212;&#8212;-<\/div>\n<div dir=\"auto\" style=\"text-align: justify;\">Durante esta jornada, personal de PROFECO brindar\u00e1 orientaci\u00f3n sobre los derechos de las y los consumidores, pr\u00e1cticas comerciales irregulares y los mecanismos disponibles para solicitar asesor\u00eda o presentar quejas. Esta atenci\u00f3n se ofrecer\u00e1 de manera permanente el primer lunes de cada mes en el Palacio Municipal.<\/div>\n<div dir=\"auto\" style=\"text-align: justify;\">&#8212;&#8212;&#8212;&#8212;&#8212;&#8212;&#8212;&#8212;&#8212;&#8212;&#8212;&#8212;&#8212;&#8212;&#8212;&#8212;&#8212;-<\/div>\n<div dir=\"auto\" style=\"text-align: justify;\">A trav\u00e9s de la direcci\u00f3n de Atenci\u00f3n y Participaci\u00f3n Ciudadana, el Ayuntamiento de Veracruz continuar\u00e1 impulsando acciones que acerquen servicios y asistencia a la poblaci\u00f3n.<\/div>\n<div id=\"x_ms-outlook-mobile-body-separator-line\" dir=\"auto\" data-applydefaultfontstyles=\"true\">\n<div dir=\"auto\" style=\"text-align: justify;\"><\/div>\n<\/div>\n","protected":false},"excerpt":{"rendered":"<p>04 de septiembre de 2026 Aviso Informativo *Brindar\u00e1 PROFECO atenci\u00f3n a la ciudadan\u00eda en el D\u00eda del Pueblo del Ayuntamiento de Veracruz* &#8212;&#8212;&#8212;&#8212;&#8212;&#8212;&#8212;&#8212;&#8212;&#8212;&#8212;&#8212;&#8212;&#8212;&#8212;&#8212; Como parte de las acciones emprendidas por la alcaldesa de Veracruz, Rosa Mar\u00eda Hern\u00e1ndez Espejo, para acercar servicios y atenci\u00f3n a la ciudadan\u00eda, el pr\u00f3ximo D\u00eda del Pueblo contar\u00e1 con la participaci\u00f3n [&hellip;]<\/p>\n","protected":false},"author":1,"featured_media":9383,"comment_status":"closed","ping_status":"closed","sticky":false,"template":"","format":"standard","meta":{"_jetpack_memberships_contains_paid_content":false,"footnotes":"","jetpack_publicize_message":"","jetpack_publicize_feature_enabled":true,"jetpack_social_post_already_shared":true,"jetpack_social_options":{"image_generator_settings":{"template":"highway","default_image_id":0,"font":"","enabled":false},"version":2}},"categories":[4],"tags":[72],"class_list":["post-9382","post","type-post","status-publish","format-standard","has-post-thumbnail","hentry","category-noticia-politica","tag-rosa-maria-presidenta-de-veracruz"],"jetpack_publicize_connections":[],"jetpack_featured_media_url":"https:\/\/revistaenfoquepolitico.com\/wp-content\/uploads\/2026\/09\/IMG-20260904-WA0297.jpg","jetpack_sharing_enabled":true,"_links":{"self":[{"href":"https:\/\/revistaenfoquepolitico.com\/index.php\/wp-json\/wp\/v2\/posts\/9382","targetHints":{"allow":["GET"]}}],"collection":[{"href":"https:\/\/revistaenfoquepolitico.com\/index.php\/wp-json\/wp\/v2\/posts"}],"about":[{"href":"https:\/\/revistaenfoquepolitico.com\/index.php\/wp-json\/wp\/v2\/types\/post"}],"author":[{"embeddable":true,"href":"https:\/\/revistaenfoquepolitico.com\/index.php\/wp-json\/wp\/v2\/users\/1"}],"replies":[{"embeddable":true,"href":"https:\/\/revistaenfoquepolitico.com\/index.php\/wp-json\/wp\/v2\/comments?post=9382"}],"version-history":[{"count":3,"href":"https:\/\/revistaenfoquepolitico.com\/index.php\/wp-json\/wp\/v2\/posts\/9382\/revisions"}],"predecessor-version":[{"id":9386,"href":"https:\/\/revistaenfoquepolitico.com\/index.php\/wp-json\/wp\/v2\/posts\/9382\/revisions\/9386"}],"wp:featuredmedia":[{"embeddable":true,"href":"https:\/\/revistaenfoquepolitico.com\/index.php\/wp-json\/wp\/v2\/media\/9383"}],"wp:attachment":[{"href":"https:\/\/revistaenfoquepolitico.com\/index.php\/wp-json\/wp\/v2\/media?parent=9382"}],"wp:term":[{"taxonomy":"category","embeddable":true,"href":"https:\/\/revistaenfoquepolitico.com\/index.php\/wp-json\/wp\/v2\/categories?post=9382"},{"taxonomy":"post_tag","embeddable":true,"href":"https:\/\/revistaenfoquepolitico.com\/index.php\/wp-json\/wp\/v2\/tags?post=9382"}],"curies":[{"name":"wp","href":"https:\/\/api.w.org\/{rel}","templated":true}]}}